{"id":17039,"date":"2022-09-07T13:06:31","date_gmt":"2022-09-07T11:06:31","guid":{"rendered":"https:\/\/journalift.org\/?p=17039"},"modified":"2022-09-07T13:07:26","modified_gmt":"2022-09-07T11:07:26","slug":"druga-strana-pandemije-mladi-iz-srbije-i-severne-makedonije-heroji-zajednice","status":"publish","type":"post","link":"https:\/\/journalift.org\/bhsc\/druga-strana-pandemije-mladi-iz-srbije-i-severne-makedonije-heroji-zajednice\/","title":{"rendered":"Druga strana pandemije: Mladi iz Srbije i Severne Makedonije heroji zajednice"},"content":{"rendered":"\n<p>Sve je po\u010delo iz straha da \u0107e tokom policijskog \u010dasa devoj\u010dica An\u0111ela, koja sa majkom \u017eivi na rubu egzistencije u planinskom selu na jugu Srbije, ostati bez hrane. Tamara Misirli\u0107, maturantkinja iz Vranja, od svoje je stipendije, tokom vanrednog stanja izazvanog epidemijom korona virusa, kupovala namirnice i prelazila 50 kilometara kako bi ih dostavila An\u0111eli i njenoj majci. 18 meseci kasnije, broj porodica kojima je pomogla popeo se na preko 40. Neke od njih  dobile su \u010dak i krov nad glavom. &#13;\n<\/p>\n\n<p>Poput porodice Marije Pejkovi\u0107, samohrane majke troje dece iz sela Radonjica kod Leskovca. Obe \u0107erke su joj bolesne, Miljana (18) ima Vilijamsov sindrom a An\u0111ela (13) je slabovida. Njih i sina Miljana (16) otac je ostavio kad su bili mali. Posle nekoliko operacija ki\u010dme, Marija nije sposobna za rad. Sve do nedavno, ova porodica spavala je, jela, kupala se u istoj sobi, u staroj oronuloj ku\u0107i. Tamara im je pomogla da novu zimu ne do\u010dekaju na istom mestu.&#13;\n<\/p>\n\n<p>Jedan od brojnih razloga zbog kojih poma\u017ee \u201cnevidljivim ljudima\u201d je to \u0161to \u010dvrsto veruje da \u201cniko ne zaslu\u017euje da se ose\u0107a odba\u010deno\u201d, pri\u010da Tamara koja je ove godine upisala dva fakulteta sa maksimalnim brojem bodova.  Ro\u0111ena je sa polidaktilijom i imala  po \u0161est razvijenih prstiju na obe ruke i noge sve do operacije od pre nekoliko godina. U rigidnoj sredini, to je ostavilo i o\u017eiljke koji se ne vide.&#13;\n<\/p>\n\n<figure class=\"wp-block-image size-large is-style-default\"><img fetchpriority=\"high\" decoding=\"async\" width=\"1024\" height=\"688\" src=\"https:\/\/journalift.org\/wp-content\/uploads\/2022\/09\/02-1024x688.png\" alt=\"\" class=\"wp-image-17021\" srcset=\"https:\/\/journalift.org\/wp-content\/uploads\/2022\/09\/02-1024x688.png 1024w, https:\/\/journalift.org\/wp-content\/uploads\/2022\/09\/02-300x202.png 300w, https:\/\/journalift.org\/wp-content\/uploads\/2022\/09\/02-768x516.png 768w, https:\/\/journalift.org\/wp-content\/uploads\/2022\/09\/02.png 1280w\" sizes=\"(max-width: 1024px) 100vw, 1024px\" \/><figcaption><p><span style=\"font-weight: 400;\">Tamara i Pejkovi\u0107i ispred svog novog doma; Foto: Sanja Petrov<\/span><\/p><\/figcaption><\/figure>\n\n<p><p><i>\u201cOdli\u010dno znam kako je biti odba\u010den, te poglede kad si razli\u010dit. To niko ne zaslu\u017euje\u201d, pri\u010da Tamara.<\/i><\/p><\/p>\n\n<p>Isto su znale dve devojke iz Skoplja, koje su se pre 12 godina srele u bolni\u010dkoj sobi De\u010dije klinike za onkologiju. Jedna na kraju, druga na po\u010detku hemoterapije. Danas one, znaju\u0107i kroz \u0161ta prolaze deca obolela od raka i kolika je njihova potreba da imaju nekoga ko \u0107e im pomo\u0107i i voditi kroz ceo proces,  volontiraju na klinici. &#13;\n<\/p>\n\n<p>Teodori i Andrijani, preko udru\u017eenja SANO, priklju\u010dila se Ilda. Spaja ih bolest, gubitak kose zbog hemoterapije, ali i  ne\u0161to vi\u0161e &#8211; karakter i \u017eelja da pomognu. Kada je pro\u0161le godine cela zemlja stala zbog korona virusa, one nisu ustuknule. Za vreme epidemije, otpo\u010dele su akciju doniranja kose i izradu perika za decu koja su se le\u010dila na De\u010dijoj klinici za onkologiju. &#13;\n<\/p>\n\n<figure class=\"wp-block-image size-large is-style-default\"><img decoding=\"async\" width=\"1024\" height=\"556\" src=\"https:\/\/journalift.org\/wp-content\/uploads\/2022\/09\/03-1024x556.png\" alt=\"\" class=\"wp-image-17025\" srcset=\"https:\/\/journalift.org\/wp-content\/uploads\/2022\/09\/03-1024x556.png 1024w, https:\/\/journalift.org\/wp-content\/uploads\/2022\/09\/03-300x163.png 300w, https:\/\/journalift.org\/wp-content\/uploads\/2022\/09\/03-768x417.png 768w, https:\/\/journalift.org\/wp-content\/uploads\/2022\/09\/03.png 1280w\" sizes=\"(max-width: 1024px) 100vw, 1024px\" \/><figcaption><p><i><span style=\"font-weight: 400;\">Foto: Organizacija SANO\/Facebook<\/span><\/i><\/p><\/figcaption><\/figure>\n\n<h2 class=\"wp-block-heading\">Mlade kriza paralisala, ali poma\u017eu kad su pozvani<\/h2>\n\n<p>U Srbiji tokom epidemije nije bilo mnogo mladih poput Tamare i devojaka iz Skoplja. Prema istra\u017eivanju Krovne organizacije mladih (KOMS), tek 22,6 odsto pripadnika ove populacije je pomagalo zajednici tokom kovid krize i ve\u0107ina je to radila samoinicijativno. &#13;\n<\/p>\n\n<p>Sa druge strane, iako prvobitno pasivni i zabrinuti, mladi u Severnoj Makedoniji vremenom su postajali sve vi\u0161e anga\u017eovani kada je u pitanju podr\u0161ka mentalnom zdravlju i pritisak na institucije za pobolj\u0161anje njihovog stanja, ka\u017eu na\u0161i sagovornici iz MOF-a (Mladinski Obrazovni Forum).  &#13;\n<\/p>\n\n<p><p><i>\u201cVeliki broj mladih zbog ove situacije pati od anksioznosti, depresije, naru\u0161enog sna i op\u0161teg stanja\u201d<\/i><span style=\"font-weight: 400;\">, isti\u010du u MOF-u.<\/span><\/p><\/p>\n\n<p>Primorani da promene na\u010din \u017eivota, suo\u010dili su se i sa gubitkom prihoda. Od po\u010detka vanrednog stanja, do oktobra ove godine, u Severnoj Makedoniji je bez posla ostalo 4518 lica mla\u0111ih od 34 godine, a stopa nezaposlenosti se pove\u0107ala za 12,10 odsto. Dr\u017eava se trudila da pomogne, ali nije bila dovoljna podr\u0161ka mladima, smatraju u Mladinskom obrazovnom forumu.&#13;\n<\/p>\n\n<p>U istom \u201csosu\u201d su i mladi iz Srbije. Prema istra\u017eivanju Misije OEBS u Srbiji i KOMS-a, kada je po\u010delo vanredno stanje, oko 56 odsto do tada zaposlenih je po\u010delo da gubi redovne prihode. Ta\u010dnije, povremeno je nastavilo da radi 24,7 odsto zaposlenih me\u0111u mladima, dok je otkaz dobilo vi\u0161e od 21,7 odsto. Kako su se talasi smenjivali, na posao je vra\u0107eno oko 9,1 odsto otpu\u0161tenih, ali je 12,6 odsto njih zbog kovida ostalo bez ikakvih prihoda. U ve\u0107im sredinama kao \u0161to je Skoplje, gde postoje udru\u017eenja gra\u0111ana koja imaju volontere, odgovor na krizu \u010dini se lak\u0161im, bez obzira na nezaposlenost. &#13;\n<\/p>\n\n<p><p><span style=\"font-weight: 400;\">Me\u0111utim, kada se radi o mestu kakvo je Vranje, malo je mogu\u0107nosti da se mladi pokrenu, ka\u017ee na\u0161a sagovornica, sociolo\u0161kinja Milica An\u0111elkovi\u0107 Jovanovi\u0107. Prema njenim re\u010dima,\u00a0 NVO sektor skoro i da ne postoji. Neformalne grupe te\u0161ko opstaju jer su mahom volonterske, a partijski aktivisti su uklju\u010deni u ad hoc aktivnosti na interesnoj bazi, bez li\u010dnog, \u201conog ljudskog motiva da se istinski uklju\u010de\u201d, poja\u0161njava An\u0111elkovi\u0107.<\/span><\/p><\/p>\n\n<p><p>\u201c<i>Mladi koji bi iz srca ne\u0161to da menjaju, te\u0161ko pronalaze na\u010dine i podr\u0161ku da tako ne\u0161to urade. Bombardovani jeftinom zabavom sa svih strana i snovima o lagodnom \u017eivotu i odlasku iz rodnog grada, biraju da energiju usmere upravo na odlazak, pre nego da ne\u0161to promene dok su jo\u0161 uvek tu\u201d<\/i><span style=\"font-weight: 400;\">, isti\u010de ona.<\/span><\/p><\/p>\n\n<p>Za razliku od njihovih roditelja, koji su pre\u017eiveli devedesete, ratove i inflaciju, ova generacija se po prvi put susrela sa velikom krizom, i to svetskih razmera. Istovremeno, dr\u017eava ih \u010desto smatra de\u017eurnim krivcima za \u0161irenje virusa. Zato i ne \u010dudi njihova paralisanost  kada  je re\u010d o odgovoru na krizu koja je ugrozila i najbolje zdravstvene sisteme u Evropi. Umesto njih, u Vranju su reagovale starije generacije. &#13;\n<\/p>\n\n<p>Bolnica u ovom gradu, gde u jednom trenutku 200 pacijenata nije znalo ho\u0107e li do\u0107i njihov red za kiseonik, do\u010dekala je epidemiju bez dovoljno stalaka za infuziju, medikamenata, maski za kiseonik, posteljine, manometara, osnovnog sanitetskog materijala\u2026 Neformalna grupa gra\u0111ana se uz logisti\u010dku pomo\u0107 Centra za medijsku transparentnost i dru\u0161tvenu odgovornost (CMTDO) organizovala i uspela da za samo tri nedelje znatno pobolj\u0161a uslove u kovid bolnicama. &#13;\n<\/p>\n\n<p>Godinu dana kasnije, u zajednici se javila potreba da se pomogne deci iz Vranja kojoj je korona odnela jednog ili oba roditelja, a apel je objavom na Facebook-u uputila upravo na\u0161a sagovornica Milica An\u0111elkovi\u0107 Jovanovi\u0107. Ubrzo se pozivu odazvalo vi\u0161e stotina \u017eena. Nastao je \u201c\u017denski solidarni front\u201d, koji je na humanitarnom balu ovog avgusta prikupio preko 5.000 evra i 26 direktnih donacija. &#13;\n<\/p>\n\n<figure class=\"wp-block-image size-large is-style-default\"><img decoding=\"async\" width=\"1024\" height=\"623\" src=\"https:\/\/journalift.org\/wp-content\/uploads\/2022\/09\/04-1024x623.png\" alt=\"\" class=\"wp-image-17029\" srcset=\"https:\/\/journalift.org\/wp-content\/uploads\/2022\/09\/04-1024x623.png 1024w, https:\/\/journalift.org\/wp-content\/uploads\/2022\/09\/04-300x183.png 300w, https:\/\/journalift.org\/wp-content\/uploads\/2022\/09\/04-768x467.png 768w, https:\/\/journalift.org\/wp-content\/uploads\/2022\/09\/04.png 1280w\" sizes=\"(max-width: 1024px) 100vw, 1024px\" \/><figcaption><p><i><span style=\"font-weight: 400;\">Deca preminulih od korone se ne\u0107e smrzavati ove zime; Foto: \u017denski solidarni front<\/span><\/i><\/p><\/figcaption><\/figure>\n\n<p>Grupi koja je olak\u0161ala \u017eivote deci iz 20 porodica koje su zbog korone izgubile \u010dlana, pridru\u017eila se i doktorka vranjskog Zdravstvenog centra Nata\u0161a Stojiljkovi\u0107. Ka\u017ee, mladi su mo\u017eda u letargiji i apatiji, ali bez njihove pomo\u0107i na terenu ne bi uspele.&#13;\n<\/p>\n\n<p>Pandemiji se, \u010dini se, kraj ne nazire. No, maske koje nosimo vi\u0161e od godinu i po dana, ipak nisu prigu\u0161ile glas mladih. Ove devojke su pozitivan primer da su mladi na ovim prostorima definitivno glas, a ne eho.&#13;\n<\/p>\n\n<p><p><i><span style=\"font-weight: 400;\">Written By: Teodora Cvetkovska (North Macedonia), Teodora Noveska (North Macedonia), Sanja Petrov (Serbia)<\/span><\/i><\/p><\/p>\n","protected":false},"excerpt":{"rendered":"<p>Sve je po\u010delo iz straha da \u0107e tokom policijskog \u010dasa devoj\u010dica An\u0111ela, koja sa majkom \u017eivi na rubu egzistencije u planinskom selu na jugu Srbije, ostati bez hrane. Tamara Misirli\u0107, maturantkinja iz Vranja, od svoje je stipendije, tokom vanrednog stanja izazvanog epidemijom korona virusa, kupovala namirnice i prelazila 50 kilometara kako bi ih dostavila An\u0111eli [&hellip;]<\/p>\n","protected":false},"author":8,"featured_media":17033,"comment_status":"open","ping_status":"open","sticky":false,"template":"","format":"standard","meta":{"_acf_changed":false,"site-sidebar-layout":"default","site-content-layout":"","ast-site-content-layout":"default","site-content-style":"default","site-sidebar-style":"default","ast-global-header-display":"","ast-banner-title-visibility":"","ast-main-header-display":"","ast-hfb-above-header-display":"","ast-hfb-below-header-display":"","ast-hfb-mobile-header-display":"","site-post-title":"","ast-breadcrumbs-content":"","ast-featured-img":"","footer-sml-layout":"","ast-disable-related-posts":"","theme-transparent-header-meta":"","adv-header-id-meta":"","stick-header-meta":"","header-above-stick-meta":"","header-main-stick-meta":"","header-below-stick-meta":"","astra-migrate-meta-layouts":"default","ast-page-background-enabled":"default","ast-page-background-meta":{"desktop":{"background-color":"","background-image":"","background-repeat":"repeat","background-position":"center center","background-size":"auto","background-attachment":"scroll","background-type":"","background-media":"","overlay-type":"","overlay-color":"","overlay-opacity":"","overlay-gradient":""},"tablet":{"background-color":"","background-image":"","background-repeat":"repeat","background-position":"center center","background-size":"auto","background-attachment":"scroll","background-type":"","background-media":"","overlay-type":"","overlay-color":"","overlay-opacity":"","overlay-gradient":""},"mobile":{"background-color":"","background-image":"","background-repeat":"repeat","background-position":"center center","background-size":"auto","background-attachment":"scroll","background-type":"","background-media":"","overlay-type":"","overlay-color":"","overlay-opacity":"","overlay-gradient":""}},"ast-content-background-meta":{"desktop":{"background-color":"var(--ast-global-color-5)","background-image":"","background-repeat":"repeat","background-position":"center center","background-size":"auto","background-attachment":"scroll","background-type":"","background-media":"","overlay-type":"","overlay-color":"","overlay-opacity":"","overlay-gradient":""},"tablet":{"background-color":"var(--ast-global-color-5)","background-image":"","background-repeat":"repeat","background-position":"center center","background-size":"auto","background-attachment":"scroll","background-type":"","background-media":"","overlay-type":"","overlay-color":"","overlay-opacity":"","overlay-gradient":""},"mobile":{"background-color":"var(--ast-global-color-5)","background-image":"","background-repeat":"repeat","background-position":"center center","background-size":"auto","background-attachment":"scroll","background-type":"","background-media":"","overlay-type":"","overlay-color":"","overlay-opacity":"","overlay-gradient":""}},"footnotes":""},"categories":[62,65],"tags":[1540,1514,1523,1539],"class_list":["post-17039","post","type-post","status-publish","format-standard","has-post-thumbnail","hentry","category-tradicionalni-mediji","category-u-trendu-u-medijima","tag-heroji-zajednice","tag-mladi","tag-pandemija","tag-srbija","ciTrackContent"],"acf":[],"yoast_head":"<!-- This site is optimized with the Yoast SEO plugin v27.4 - https:\/\/yoast.com\/product\/yoast-seo-wordpress\/ -->\n<title>Druga strana pandemije: Mladi iz Srbije i Severne Makedonije heroji zajednice - Journalift<\/title>\n<meta name=\"robots\" content=\"index, follow, max-snippet:-1, max-image-preview:large, max-video-preview:-1\" \/>\n<link rel=\"canonical\" href=\"https:\/\/journalift.org\/bhsc\/druga-strana-pandemije-mladi-iz-srbije-i-severne-makedonije-heroji-zajednice\/\" \/>\n<meta property=\"og:locale\" content=\"bs_BA\" \/>\n<meta property=\"og:type\" content=\"article\" \/>\n<meta property=\"og:title\" content=\"Druga strana pandemije: Mladi iz Srbije i Severne Makedonije heroji zajednice - Journalift\" \/>\n<meta property=\"og:description\" content=\"Sve je po\u010delo iz straha da \u0107e tokom policijskog \u010dasa devoj\u010dica An\u0111ela, koja sa majkom \u017eivi na rubu egzistencije u planinskom selu na jugu Srbije, ostati bez hrane. Tamara Misirli\u0107, maturantkinja iz Vranja, od svoje je stipendije, tokom vanrednog stanja izazvanog epidemijom korona virusa, kupovala namirnice i prelazila 50 kilometara kako bi ih dostavila An\u0111eli [&hellip;]\" \/>\n<meta property=\"og:url\" content=\"https:\/\/journalift.org\/bhsc\/druga-strana-pandemije-mladi-iz-srbije-i-severne-makedonije-heroji-zajednice\/\" \/>\n<meta property=\"og:site_name\" content=\"Journalift\" \/>\n<meta property=\"article:published_time\" content=\"2022-09-07T11:06:31+00:00\" \/>\n<meta property=\"article:modified_time\" content=\"2022-09-07T11:07:26+00:00\" \/>\n<meta property=\"og:image\" content=\"https:\/\/journalift.org\/wp-content\/uploads\/2022\/09\/01-The-Other-Side-of-the-Pandemic-Youth-from-Serbia-and-North-Macedonia.png\" \/>\n\t<meta property=\"og:image:width\" content=\"1920\" \/>\n\t<meta property=\"og:image:height\" content=\"632\" \/>\n\t<meta property=\"og:image:type\" content=\"image\/png\" \/>\n<meta name=\"author\" content=\"Journalift\" \/>\n<meta name=\"twitter:card\" content=\"summary_large_image\" \/>\n<meta name=\"twitter:label1\" content=\"Written by\" \/>\n\t<meta name=\"twitter:data1\" content=\"Journalift\" \/>\n\t<meta name=\"twitter:label2\" content=\"Est. reading time\" \/>\n\t<meta name=\"twitter:data2\" content=\"6 minuta\" \/>\n<script type=\"application\/ld+json\" class=\"yoast-schema-graph\">{\"@context\":\"https:\\\/\\\/schema.org\",\"@graph\":[{\"@type\":\"Article\",\"@id\":\"https:\\\/\\\/journalift.org\\\/bhsc\\\/druga-strana-pandemije-mladi-iz-srbije-i-severne-makedonije-heroji-zajednice\\\/#article\",\"isPartOf\":{\"@id\":\"https:\\\/\\\/journalift.org\\\/bhsc\\\/druga-strana-pandemije-mladi-iz-srbije-i-severne-makedonije-heroji-zajednice\\\/\"},\"author\":{\"name\":\"Journalift\",\"@id\":\"https:\\\/\\\/journalift.org\\\/bhsc\\\/#\\\/schema\\\/person\\\/a6d77a5e4773c1fad08e626035b99cea\"},\"headline\":\"Druga strana pandemije: Mladi iz Srbije i Severne Makedonije heroji zajednice\",\"datePublished\":\"2022-09-07T11:06:31+00:00\",\"dateModified\":\"2022-09-07T11:07:26+00:00\",\"mainEntityOfPage\":{\"@id\":\"https:\\\/\\\/journalift.org\\\/bhsc\\\/druga-strana-pandemije-mladi-iz-srbije-i-severne-makedonije-heroji-zajednice\\\/\"},\"wordCount\":1152,\"commentCount\":0,\"publisher\":{\"@id\":\"https:\\\/\\\/journalift.org\\\/bhsc\\\/#organization\"},\"image\":{\"@id\":\"https:\\\/\\\/journalift.org\\\/bhsc\\\/druga-strana-pandemije-mladi-iz-srbije-i-severne-makedonije-heroji-zajednice\\\/#primaryimage\"},\"thumbnailUrl\":\"https:\\\/\\\/journalift.org\\\/wp-content\\\/uploads\\\/2022\\\/09\\\/01-The-Other-Side-of-the-Pandemic-Youth-from-Serbia-and-North-Macedonia.png\",\"keywords\":[\"heroji zajednice\",\"mladi\",\"pandemija\",\"Srbija\"],\"articleSection\":[\"Tradicionalni Mediji\",\"Trendovi u medijima\"],\"inLanguage\":\"bs-BA\",\"potentialAction\":[{\"@type\":\"CommentAction\",\"name\":\"Comment\",\"target\":[\"https:\\\/\\\/journalift.org\\\/bhsc\\\/druga-strana-pandemije-mladi-iz-srbije-i-severne-makedonije-heroji-zajednice\\\/#respond\"]}]},{\"@type\":\"WebPage\",\"@id\":\"https:\\\/\\\/journalift.org\\\/bhsc\\\/druga-strana-pandemije-mladi-iz-srbije-i-severne-makedonije-heroji-zajednice\\\/\",\"url\":\"https:\\\/\\\/journalift.org\\\/bhsc\\\/druga-strana-pandemije-mladi-iz-srbije-i-severne-makedonije-heroji-zajednice\\\/\",\"name\":\"Druga strana pandemije: Mladi iz Srbije i Severne Makedonije heroji zajednice - Journalift\",\"isPartOf\":{\"@id\":\"https:\\\/\\\/journalift.org\\\/bhsc\\\/#website\"},\"primaryImageOfPage\":{\"@id\":\"https:\\\/\\\/journalift.org\\\/bhsc\\\/druga-strana-pandemije-mladi-iz-srbije-i-severne-makedonije-heroji-zajednice\\\/#primaryimage\"},\"image\":{\"@id\":\"https:\\\/\\\/journalift.org\\\/bhsc\\\/druga-strana-pandemije-mladi-iz-srbije-i-severne-makedonije-heroji-zajednice\\\/#primaryimage\"},\"thumbnailUrl\":\"https:\\\/\\\/journalift.org\\\/wp-content\\\/uploads\\\/2022\\\/09\\\/01-The-Other-Side-of-the-Pandemic-Youth-from-Serbia-and-North-Macedonia.png\",\"datePublished\":\"2022-09-07T11:06:31+00:00\",\"dateModified\":\"2022-09-07T11:07:26+00:00\",\"breadcrumb\":{\"@id\":\"https:\\\/\\\/journalift.org\\\/bhsc\\\/druga-strana-pandemije-mladi-iz-srbije-i-severne-makedonije-heroji-zajednice\\\/#breadcrumb\"},\"inLanguage\":\"bs-BA\",\"potentialAction\":[{\"@type\":\"ReadAction\",\"target\":[\"https:\\\/\\\/journalift.org\\\/bhsc\\\/druga-strana-pandemije-mladi-iz-srbije-i-severne-makedonije-heroji-zajednice\\\/\"]}]},{\"@type\":\"ImageObject\",\"inLanguage\":\"bs-BA\",\"@id\":\"https:\\\/\\\/journalift.org\\\/bhsc\\\/druga-strana-pandemije-mladi-iz-srbije-i-severne-makedonije-heroji-zajednice\\\/#primaryimage\",\"url\":\"https:\\\/\\\/journalift.org\\\/wp-content\\\/uploads\\\/2022\\\/09\\\/01-The-Other-Side-of-the-Pandemic-Youth-from-Serbia-and-North-Macedonia.png\",\"contentUrl\":\"https:\\\/\\\/journalift.org\\\/wp-content\\\/uploads\\\/2022\\\/09\\\/01-The-Other-Side-of-the-Pandemic-Youth-from-Serbia-and-North-Macedonia.png\",\"width\":1920,\"height\":632,\"caption\":\"01-The-Other-Side-of-the-Pandemic-Youth-from-Serbia-and-North-Macedonia.png\"},{\"@type\":\"BreadcrumbList\",\"@id\":\"https:\\\/\\\/journalift.org\\\/bhsc\\\/druga-strana-pandemije-mladi-iz-srbije-i-severne-makedonije-heroji-zajednice\\\/#breadcrumb\",\"itemListElement\":[{\"@type\":\"ListItem\",\"position\":1,\"name\":\"Home\",\"item\":\"https:\\\/\\\/journalift.org\\\/bhsc\\\/\"},{\"@type\":\"ListItem\",\"position\":2,\"name\":\"Druga strana pandemije: Mladi iz Srbije i Severne Makedonije heroji zajednice\"}]},{\"@type\":\"WebSite\",\"@id\":\"https:\\\/\\\/journalift.org\\\/bhsc\\\/#website\",\"url\":\"https:\\\/\\\/journalift.org\\\/bhsc\\\/\",\"name\":\"Journalift\",\"description\":\"Journalift\",\"publisher\":{\"@id\":\"https:\\\/\\\/journalift.org\\\/bhsc\\\/#organization\"},\"potentialAction\":[{\"@type\":\"SearchAction\",\"target\":{\"@type\":\"EntryPoint\",\"urlTemplate\":\"https:\\\/\\\/journalift.org\\\/bhsc\\\/?s={search_term_string}\"},\"query-input\":{\"@type\":\"PropertyValueSpecification\",\"valueRequired\":true,\"valueName\":\"search_term_string\"}}],\"inLanguage\":\"bs-BA\"},{\"@type\":\"Organization\",\"@id\":\"https:\\\/\\\/journalift.org\\\/bhsc\\\/#organization\",\"name\":\"Journalift\",\"url\":\"https:\\\/\\\/journalift.org\\\/bhsc\\\/\",\"logo\":{\"@type\":\"ImageObject\",\"inLanguage\":\"bs-BA\",\"@id\":\"https:\\\/\\\/journalift.org\\\/bhsc\\\/#\\\/schema\\\/logo\\\/image\\\/\",\"url\":\"https:\\\/\\\/journalift.org\\\/wp-content\\\/uploads\\\/2021\\\/04\\\/Journalift-negative.png\",\"contentUrl\":\"https:\\\/\\\/journalift.org\\\/wp-content\\\/uploads\\\/2021\\\/04\\\/Journalift-negative.png\",\"width\":327,\"height\":104,\"caption\":\"Journalift\"},\"image\":{\"@id\":\"https:\\\/\\\/journalift.org\\\/bhsc\\\/#\\\/schema\\\/logo\\\/image\\\/\"}},{\"@type\":\"Person\",\"@id\":\"https:\\\/\\\/journalift.org\\\/bhsc\\\/#\\\/schema\\\/person\\\/a6d77a5e4773c1fad08e626035b99cea\",\"name\":\"Journalift\",\"image\":{\"@type\":\"ImageObject\",\"inLanguage\":\"bs-BA\",\"@id\":\"https:\\\/\\\/secure.gravatar.com\\\/avatar\\\/e7854ed6015a3cb2134294777977087a87a05a6fdef69f2169b224f94cb4764b?s=96&d=mm&r=g\",\"url\":\"https:\\\/\\\/secure.gravatar.com\\\/avatar\\\/e7854ed6015a3cb2134294777977087a87a05a6fdef69f2169b224f94cb4764b?s=96&d=mm&r=g\",\"contentUrl\":\"https:\\\/\\\/secure.gravatar.com\\\/avatar\\\/e7854ed6015a3cb2134294777977087a87a05a6fdef69f2169b224f94cb4764b?s=96&d=mm&r=g\",\"caption\":\"Journalift\"},\"url\":\"https:\\\/\\\/journalift.org\\\/bhsc\\\/author\\\/ivana\\\/\"}]}<\/script>\n<!-- \/ Yoast SEO plugin. -->","yoast_head_json":{"title":"Druga strana pandemije: Mladi iz Srbije i Severne Makedonije heroji zajednice - Journalift","robots":{"index":"index","follow":"follow","max-snippet":"max-snippet:-1","max-image-preview":"max-image-preview:large","max-video-preview":"max-video-preview:-1"},"canonical":"https:\/\/journalift.org\/bhsc\/druga-strana-pandemije-mladi-iz-srbije-i-severne-makedonije-heroji-zajednice\/","og_locale":"bs_BA","og_type":"article","og_title":"Druga strana pandemije: Mladi iz Srbije i Severne Makedonije heroji zajednice - Journalift","og_description":"Sve je po\u010delo iz straha da \u0107e tokom policijskog \u010dasa devoj\u010dica An\u0111ela, koja sa majkom \u017eivi na rubu egzistencije u planinskom selu na jugu Srbije, ostati bez hrane. Tamara Misirli\u0107, maturantkinja iz Vranja, od svoje je stipendije, tokom vanrednog stanja izazvanog epidemijom korona virusa, kupovala namirnice i prelazila 50 kilometara kako bi ih dostavila An\u0111eli [&hellip;]","og_url":"https:\/\/journalift.org\/bhsc\/druga-strana-pandemije-mladi-iz-srbije-i-severne-makedonije-heroji-zajednice\/","og_site_name":"Journalift","article_published_time":"2022-09-07T11:06:31+00:00","article_modified_time":"2022-09-07T11:07:26+00:00","og_image":[{"width":1920,"height":632,"url":"https:\/\/journalift.org\/wp-content\/uploads\/2022\/09\/01-The-Other-Side-of-the-Pandemic-Youth-from-Serbia-and-North-Macedonia.png","type":"image\/png"}],"author":"Journalift","twitter_card":"summary_large_image","twitter_misc":{"Written by":"Journalift","Est. reading time":"6 minuta"},"schema":{"@context":"https:\/\/schema.org","@graph":[{"@type":"Article","@id":"https:\/\/journalift.org\/bhsc\/druga-strana-pandemije-mladi-iz-srbije-i-severne-makedonije-heroji-zajednice\/#article","isPartOf":{"@id":"https:\/\/journalift.org\/bhsc\/druga-strana-pandemije-mladi-iz-srbije-i-severne-makedonije-heroji-zajednice\/"},"author":{"name":"Journalift","@id":"https:\/\/journalift.org\/bhsc\/#\/schema\/person\/a6d77a5e4773c1fad08e626035b99cea"},"headline":"Druga strana pandemije: Mladi iz Srbije i Severne Makedonije heroji zajednice","datePublished":"2022-09-07T11:06:31+00:00","dateModified":"2022-09-07T11:07:26+00:00","mainEntityOfPage":{"@id":"https:\/\/journalift.org\/bhsc\/druga-strana-pandemije-mladi-iz-srbije-i-severne-makedonije-heroji-zajednice\/"},"wordCount":1152,"commentCount":0,"publisher":{"@id":"https:\/\/journalift.org\/bhsc\/#organization"},"image":{"@id":"https:\/\/journalift.org\/bhsc\/druga-strana-pandemije-mladi-iz-srbije-i-severne-makedonije-heroji-zajednice\/#primaryimage"},"thumbnailUrl":"https:\/\/journalift.org\/wp-content\/uploads\/2022\/09\/01-The-Other-Side-of-the-Pandemic-Youth-from-Serbia-and-North-Macedonia.png","keywords":["heroji zajednice","mladi","pandemija","Srbija"],"articleSection":["Tradicionalni Mediji","Trendovi u medijima"],"inLanguage":"bs-BA","potentialAction":[{"@type":"CommentAction","name":"Comment","target":["https:\/\/journalift.org\/bhsc\/druga-strana-pandemije-mladi-iz-srbije-i-severne-makedonije-heroji-zajednice\/#respond"]}]},{"@type":"WebPage","@id":"https:\/\/journalift.org\/bhsc\/druga-strana-pandemije-mladi-iz-srbije-i-severne-makedonije-heroji-zajednice\/","url":"https:\/\/journalift.org\/bhsc\/druga-strana-pandemije-mladi-iz-srbije-i-severne-makedonije-heroji-zajednice\/","name":"Druga strana pandemije: Mladi iz Srbije i Severne Makedonije heroji zajednice - Journalift","isPartOf":{"@id":"https:\/\/journalift.org\/bhsc\/#website"},"primaryImageOfPage":{"@id":"https:\/\/journalift.org\/bhsc\/druga-strana-pandemije-mladi-iz-srbije-i-severne-makedonije-heroji-zajednice\/#primaryimage"},"image":{"@id":"https:\/\/journalift.org\/bhsc\/druga-strana-pandemije-mladi-iz-srbije-i-severne-makedonije-heroji-zajednice\/#primaryimage"},"thumbnailUrl":"https:\/\/journalift.org\/wp-content\/uploads\/2022\/09\/01-The-Other-Side-of-the-Pandemic-Youth-from-Serbia-and-North-Macedonia.png","datePublished":"2022-09-07T11:06:31+00:00","dateModified":"2022-09-07T11:07:26+00:00","breadcrumb":{"@id":"https:\/\/journalift.org\/bhsc\/druga-strana-pandemije-mladi-iz-srbije-i-severne-makedonije-heroji-zajednice\/#breadcrumb"},"inLanguage":"bs-BA","potentialAction":[{"@type":"ReadAction","target":["https:\/\/journalift.org\/bhsc\/druga-strana-pandemije-mladi-iz-srbije-i-severne-makedonije-heroji-zajednice\/"]}]},{"@type":"ImageObject","inLanguage":"bs-BA","@id":"https:\/\/journalift.org\/bhsc\/druga-strana-pandemije-mladi-iz-srbije-i-severne-makedonije-heroji-zajednice\/#primaryimage","url":"https:\/\/journalift.org\/wp-content\/uploads\/2022\/09\/01-The-Other-Side-of-the-Pandemic-Youth-from-Serbia-and-North-Macedonia.png","contentUrl":"https:\/\/journalift.org\/wp-content\/uploads\/2022\/09\/01-The-Other-Side-of-the-Pandemic-Youth-from-Serbia-and-North-Macedonia.png","width":1920,"height":632,"caption":"01-The-Other-Side-of-the-Pandemic-Youth-from-Serbia-and-North-Macedonia.png"},{"@type":"BreadcrumbList","@id":"https:\/\/journalift.org\/bhsc\/druga-strana-pandemije-mladi-iz-srbije-i-severne-makedonije-heroji-zajednice\/#breadcrumb","itemListElement":[{"@type":"ListItem","position":1,"name":"Home","item":"https:\/\/journalift.org\/bhsc\/"},{"@type":"ListItem","position":2,"name":"Druga strana pandemije: Mladi iz Srbije i Severne Makedonije heroji zajednice"}]},{"@type":"WebSite","@id":"https:\/\/journalift.org\/bhsc\/#website","url":"https:\/\/journalift.org\/bhsc\/","name":"Journalift","description":"Journalift","publisher":{"@id":"https:\/\/journalift.org\/bhsc\/#organization"},"potentialAction":[{"@type":"SearchAction","target":{"@type":"EntryPoint","urlTemplate":"https:\/\/journalift.org\/bhsc\/?s={search_term_string}"},"query-input":{"@type":"PropertyValueSpecification","valueRequired":true,"valueName":"search_term_string"}}],"inLanguage":"bs-BA"},{"@type":"Organization","@id":"https:\/\/journalift.org\/bhsc\/#organization","name":"Journalift","url":"https:\/\/journalift.org\/bhsc\/","logo":{"@type":"ImageObject","inLanguage":"bs-BA","@id":"https:\/\/journalift.org\/bhsc\/#\/schema\/logo\/image\/","url":"https:\/\/journalift.org\/wp-content\/uploads\/2021\/04\/Journalift-negative.png","contentUrl":"https:\/\/journalift.org\/wp-content\/uploads\/2021\/04\/Journalift-negative.png","width":327,"height":104,"caption":"Journalift"},"image":{"@id":"https:\/\/journalift.org\/bhsc\/#\/schema\/logo\/image\/"}},{"@type":"Person","@id":"https:\/\/journalift.org\/bhsc\/#\/schema\/person\/a6d77a5e4773c1fad08e626035b99cea","name":"Journalift","image":{"@type":"ImageObject","inLanguage":"bs-BA","@id":"https:\/\/secure.gravatar.com\/avatar\/e7854ed6015a3cb2134294777977087a87a05a6fdef69f2169b224f94cb4764b?s=96&d=mm&r=g","url":"https:\/\/secure.gravatar.com\/avatar\/e7854ed6015a3cb2134294777977087a87a05a6fdef69f2169b224f94cb4764b?s=96&d=mm&r=g","contentUrl":"https:\/\/secure.gravatar.com\/avatar\/e7854ed6015a3cb2134294777977087a87a05a6fdef69f2169b224f94cb4764b?s=96&d=mm&r=g","caption":"Journalift"},"url":"https:\/\/journalift.org\/bhsc\/author\/ivana\/"}]}},"_links":{"self":[{"href":"https:\/\/journalift.org\/bhsc\/wp-json\/wp\/v2\/posts\/17039","targetHints":{"allow":["GET"]}}],"collection":[{"href":"https:\/\/journalift.org\/bhsc\/wp-json\/wp\/v2\/posts"}],"about":[{"href":"https:\/\/journalift.org\/bhsc\/wp-json\/wp\/v2\/types\/post"}],"author":[{"embeddable":true,"href":"https:\/\/journalift.org\/bhsc\/wp-json\/wp\/v2\/users\/8"}],"replies":[{"embeddable":true,"href":"https:\/\/journalift.org\/bhsc\/wp-json\/wp\/v2\/comments?post=17039"}],"version-history":[{"count":4,"href":"https:\/\/journalift.org\/bhsc\/wp-json\/wp\/v2\/posts\/17039\/revisions"}],"predecessor-version":[{"id":17052,"href":"https:\/\/journalift.org\/bhsc\/wp-json\/wp\/v2\/posts\/17039\/revisions\/17052"}],"wp:featuredmedia":[{"embeddable":true,"href":"https:\/\/journalift.org\/bhsc\/wp-json\/wp\/v2\/media\/17033"}],"wp:attachment":[{"href":"https:\/\/journalift.org\/bhsc\/wp-json\/wp\/v2\/media?parent=17039"}],"wp:term":[{"taxonomy":"category","embeddable":true,"href":"https:\/\/journalift.org\/bhsc\/wp-json\/wp\/v2\/categories?post=17039"},{"taxonomy":"post_tag","embeddable":true,"href":"https:\/\/journalift.org\/bhsc\/wp-json\/wp\/v2\/tags?post=17039"}],"curies":[{"name":"wp","href":"https:\/\/api.w.org\/{rel}","templated":true}]}}