{"id":17043,"date":"2022-09-07T13:06:50","date_gmt":"2022-09-07T11:06:50","guid":{"rendered":"https:\/\/journalift.org\/?p=17043"},"modified":"2022-09-07T13:11:10","modified_gmt":"2022-09-07T11:11:10","slug":"ana-tjeter-e-pandemise-te-rinjte-nga-serbia-dhe-maqedonia-e-veriut-heronj-te-komunitetit","status":"publish","type":"post","link":"https:\/\/journalift.org\/sq\/ana-tjeter-e-pandemise-te-rinjte-nga-serbia-dhe-maqedonia-e-veriut-heronj-te-komunitetit\/","title":{"rendered":"Ana tjet\u00ebr e pandemis\u00eb: t\u00eb rinjt\u00eb nga Serbia dhe Maqedonia e Veriut heronj t\u00eb komunitetit"},"content":{"rendered":"\n<p>Gjith\u00e7ka filloi nga frika se vajza e re An\u0111ela, q\u00eb jeton me n\u00ebn\u00ebn e saj n\u00eb skaj t\u00eb ekzistenc\u00ebs n\u00eb nj\u00eb fshat malor n\u00eb jug t\u00eb Serbis\u00eb, nuk do t\u00eb kishte ushqim gjat\u00eb orarit t\u00eb izolimit. Tamara Misirli\u0107, studente e vitit t\u00eb fundit n\u00eb shkoll\u00ebn e mesme nga Vranja, ndau nj\u00eb pjes\u00eb t\u00eb burs\u00ebs s\u00eb saj, bleu ushqime dhe udh\u00ebtoi 50 km p\u00ebr t\u2019ua d\u00ebrguar ato An\u0111elas dhe n\u00ebn\u00ebs s\u00eb saj gjat\u00eb gjendjes s\u00eb emergjenc\u00ebs s\u00eb shkaktuar nga epidemia e Covid-19. 18 muaj m\u00eb von\u00eb, numri i familjeve q\u00eb ajo ndihmoi u rrit n\u00eb m\u00eb shum\u00eb se 40. Disa nga ta p\u00ebrfituan edhe kulm mbi kok\u00eb. &#13;\n<\/p>\n\n<p>Nj\u00eb nga ta \u00ebsht\u00eb familja e Marija Pejkovi\u0107, n\u00ebn\u00eb e vetme me tre f\u00ebmij\u00eb nga fshati Radonjica af\u00ebr Leskovac. T\u00eb dy vajzat e saj jan\u00eb t\u00eb s\u00ebmura, Miljana (18) \u00ebsht\u00eb e diagnostikuar me sindrom\u00ebn Williams dhe An\u0111ela (13) \u00ebsht\u00eb me shikim t\u00eb d\u00ebmtuar. Babai i tyre dhe i v\u00ebllai Miljan (16) i lan\u00eb kur ishin t\u00eb vogla. Pas disa operacioneve n\u00eb shtyll\u00ebn kurrizore, Marija nuk \u00ebsht\u00eb n\u00eb gjendje t\u00eb punoj\u00eb. Deri von\u00eb, kjo familje ka fjetur, ka ngr\u00ebn\u00eb dhe \u00ebsht\u00eb pastruar n\u00eb nj\u00eb dhom\u00eb t\u00eb vetme, n\u00eb nj\u00eb sht\u00ebpi t\u00eb rr\u00ebnuar. Tamara i ndihmoi q\u00eb t\u00eb mos e presin dimrin q\u00eb vinte n\u00eb at\u00eb sht\u00ebpi.&#13;\n<\/p>\n\n<p>Nj\u00eb nga arsyet e shumta se pse ajo i ndihmon \u201cpersonat e paduksh\u00ebm\u201d \u00ebsht\u00eb se ajo beson fuqish\u00ebm se \u201caskush nuk duhet t\u00eb ndihet i refuzuar\u201d, thot\u00eb Tamara, e cila \u00ebsht\u00eb regjistruar n\u00eb dy fakultete k\u00ebt\u00eb vit, me pik\u00eb maksimale. Ajo kishte lindur me polidaktilit\u00eb dhe kishte gjasht\u00eb gisht\u00ebrinj n\u00eb t\u00eb dy duart dhe k\u00ebmb\u00eb deri para operimit disa vite m\u00eb par\u00eb. N\u00eb nj\u00eb mjedis t\u00eb ashp\u00ebr, kjo ka l\u00ebn\u00eb shenja q\u00eb nuk mund t\u00eb shihen.&#13;\n<\/p>\n\n<figure class=\"wp-block-image size-large is-style-default\"><img fetchpriority=\"high\" decoding=\"async\" width=\"1024\" height=\"688\" src=\"https:\/\/journalift.org\/wp-content\/uploads\/2022\/09\/02-1024x688.png\" alt=\"\" class=\"wp-image-17020\" srcset=\"https:\/\/journalift.org\/wp-content\/uploads\/2022\/09\/02-1024x688.png 1024w, https:\/\/journalift.org\/wp-content\/uploads\/2022\/09\/02-300x202.png 300w, https:\/\/journalift.org\/wp-content\/uploads\/2022\/09\/02-768x516.png 768w, https:\/\/journalift.org\/wp-content\/uploads\/2022\/09\/02.png 1280w\" sizes=\"(max-width: 1024px) 100vw, 1024px\" \/><figcaption><p><span style=\"font-weight: 400;\">Tamara dhe familja Pejkovi\u0107 para sht\u00ebpis\u00eb s\u00eb tyre t\u00eb re; Foto: Sanja Petrov<\/span><\/p><\/figcaption><\/figure>\n\n<p><p><i>\u201cE di shum\u00eb mir\u00eb se si \u00ebsht\u00eb kur t\u00eb refuzojn\u00eb, ato shikime kur je ndryshe. Askush se meriton k\u00ebt\u00eb\u201d, tha Tamara.<\/i><\/p><\/p>\n\n<p>K\u00ebt\u00eb e dinin edhe dy vajzat nga Shkupi, t\u00eb cilat u takuan 12 vite m\u00eb par\u00eb n\u00eb oborrin e Klinik\u00ebs Onkologjike t\u00eb F\u00ebmij\u00ebve. Nj\u00ebra n\u00eb fund, tjetra n\u00eb fillim t\u00eb kimioterapis\u00eb. Sot, duke e ditur se \u00e7far\u00eb kalojn\u00eb f\u00ebmij\u00ebt e diagnostikuar me kancer dhe se sa shum\u00eb kan\u00eb nevoj\u00eb ta ken\u00eb dik\u00eb q\u00eb t\u2019i ndihmoj\u00eb dhe t\u2019i drejtoj\u00eb gjat\u00eb procesit, dy vajzat punojn\u00eb si vullnetare n\u00eb Klinik\u00eb. &#13;\n<\/p>\n\n<p>Ilda iu bashkua Teodor\u00ebs dhe Andrijan\u00ebs p\u00ebrmes Shoqat\u00ebs SANO. Ato i lidh s\u00ebmundja, humbja e flok\u00ebve p\u00ebr shkak t\u00eb kimioterapis\u00eb, por edhe nga di\u00e7ka m\u00eb shum\u00eb se kjo \u2013 karakteri dhe d\u00ebshira e tyre p\u00ebr t\u00eb ndihmuar. Kur i t\u00ebr\u00eb vendi ndaloi vitin e kaluar p\u00ebr shkak t\u00eb pandemis\u00eb, ato nuk u t\u00ebrhoq\u00ebn. Gjat\u00eb pandemis\u00eb, filluan aksionin e dhurimit t\u00eb flok\u00ebve dhe krijimin e parukave p\u00ebr f\u00ebmij\u00ebt q\u00eb trajtoheshin n\u00eb Klinik\u00ebn Onkologjike t\u00eb F\u00ebmij\u00ebve. &#13;\n<\/p>\n\n<figure class=\"wp-block-image size-large is-style-default\"><img decoding=\"async\" width=\"1024\" height=\"556\" src=\"https:\/\/journalift.org\/wp-content\/uploads\/2022\/09\/03-1024x556.png\" alt=\"\" class=\"wp-image-17024\" srcset=\"https:\/\/journalift.org\/wp-content\/uploads\/2022\/09\/03-1024x556.png 1024w, https:\/\/journalift.org\/wp-content\/uploads\/2022\/09\/03-300x163.png 300w, https:\/\/journalift.org\/wp-content\/uploads\/2022\/09\/03-768x417.png 768w, https:\/\/journalift.org\/wp-content\/uploads\/2022\/09\/03.png 1280w\" sizes=\"(max-width: 1024px) 100vw, 1024px\" \/><figcaption><p><i><span style=\"font-weight: 400;\">Foto: Organizata SANO\/Facebook<\/span><\/i><\/p><\/figcaption><\/figure>\n\n<h2 class=\"wp-block-heading\">Rinia \u00ebsht\u00eb e paralizuar nga kriza, por ndihmon kur kjo k\u00ebrkohet<\/h2>\n\n<p>Gjat\u00eb pandemis\u00eb n\u00eb Serbi, nuk ka pasur shum\u00eb njer\u00ebz si Tamara dhe vajzat nga Shkupi. Sipas K\u00ebshillit Komb\u00ebtar t\u00eb Rinis\u00eb n\u00eb Serbi, vet\u00ebm 22.6% e k\u00ebsaj popullate e ndihmoi komunitetin gjat\u00eb kriz\u00ebs s\u00eb Covid-19 dhe shum\u00eb nga ta e b\u00ebn\u00eb k\u00ebt\u00eb me nism\u00ebn e tyre. &#13;\n<\/p>\n\n<p>N\u00eb an\u00ebn tjet\u00ebr, ndon\u00ebse pasiv\u00eb dhe t\u00eb shqet\u00ebsuar n\u00eb fillim, t\u00eb rinjt\u00eb n\u00eb Maqedonin\u00eb e Veriut, u b\u00ebn\u00eb edhe m\u00eb t\u00eb angazhuar lidhur me mb\u00ebshtetjen p\u00ebr sh\u00ebndetin mendor dhe presionin n\u00eb institucione p\u00ebr t\u00eb p\u00ebrmir\u00ebsuar statusin e tyre, thon\u00eb bashk\u00ebbiseduesit tan\u00eb nga Forumi p\u00ebr arsimin e rinis\u00eb (YEF).&#13;\n<\/p>\n\n<p><p><i>\u201cNj\u00eb num\u00ebr i madh i t\u00eb rinjve vuajn\u00eb nga ankthi, depresioni, \u00e7rregullime t\u00eb gjumit dhe t\u00eb p\u00ebrgjithshme si pasoj\u00eb e k\u00ebsaj situate\u201d, <\/i><span style=\"font-weight: 400;\">thon\u00eb persona nga Forumi p\u00ebr arsimin e rinis\u00eb.<\/span><\/p><\/p>\n\n<p>T\u00eb detyruar p\u00ebr t\u00eb ndryshuar m\u00ebnyr\u00ebn e jetes\u00ebs, ata p\u00ebrballen me humbjen e t\u00eb ardhurave. Nga fillimi i gjendjes s\u00eb emergjenc\u00ebs deri n\u00eb tetor t\u00eb k\u00ebtij vitit, 4,518 persona n\u00ebn 34 vje\u00e7 ishin hequr nga puna, dhe shkalla e papun\u00ebsis\u00eb u rrit me 12.10%. Shteti b\u00ebri m\u00eb t\u00eb mir\u00ebn q\u00eb t\u00eb ndihmonte, por mb\u00ebshtetja p\u00ebr rinin\u00eb nuk ishte e mjaftueshme, thon\u00eb personat nga Forumi p\u00ebr arsimin e rinis\u00eb.&#13;\n<\/p>\n\n<p>T\u00eb rinjt\u00eb n\u00eb Serbi jan\u00eb n\u00eb t\u00eb nj\u00ebjt\u00ebn gjendje. Sipas nj\u00eb ankete t\u00eb kryer nga Misioni i OSBE-s\u00eb n\u00eb Serbi dhe K\u00ebshilli Komb\u00ebtar i Rinis\u00eb n\u00eb Serbi, kur gjendja e emergjenc\u00ebs filloi, rreth 56% q\u00eb deri at\u00ebher\u00eb ishin t\u00eb pun\u00ebsuar filluan t\u00eb humbin t\u00eb ardhurat e tyre t\u00eb rregullta. M\u00eb sakt\u00ebsisht, 24.7% t\u00eb rinj vazhduan t\u00eb punojn\u00eb me raste, nd\u00ebrsa m\u00eb shum\u00eb se 21.7% ishin larguar nga puna. Me val\u00ebt q\u00eb erdh\u00ebn nj\u00ebra pas tjetr\u00ebs, rreth 9.1% persona t\u00eb shkarkuar u kthyen n\u00eb pun\u00ebn e tyre, por 12.6% mbeten pa asnj\u00eb t\u00eb ardhur. N\u00eb zonat m\u00eb t\u00eb m\u00ebdha, si Shkupi, ku ka organizata t\u00eb shoq\u00ebris\u00eb civile q\u00eb kan\u00eb vullnetar\u00eb, p\u00ebrgjigja ndaj kriz\u00ebs dukej m\u00eb e leht\u00eb, me gjith\u00eb papun\u00ebsin\u00eb. &#13;\n<\/p>\n\n<p><p><span style=\"font-weight: 400;\">Megjithat\u00eb, kur jemi te vendet si Vranja, ka pak opsione q\u00eb t\u00eb rinjt\u00eb t\u00eb l\u00ebvizin, thot\u00eb bashk\u00ebbiseduesja jon\u00eb Milica An\u0111elkovi\u0107 Jovanovi\u0107, sociologe. Sipas saj, sektori i OJQ-ve mezi ekziston. Grupet joformale mezi mbijetojn\u00eb se ata jan\u00eb kryesisht vullnetar\u00eb dhe aktivist\u00ebt e partive p\u00ebrfshihen n\u00eb aktivitete <\/span><i><span style=\"font-weight: 400;\">ad hoc <\/span><\/i><span style=\"font-weight: 400;\">sipas interesit, pa ndonj\u00eb \u201cmotiv personal human p\u00ebr t\u2019u p\u00ebrfshir\u00eb me t\u00eb v\u00ebrtet\u00eb\u201d, shpjegon znj. An\u0111elkovi\u0107.<\/span><\/p><\/p>\n\n<p><p>\u201c<i>T\u00eb rinjt\u00eb q\u00eb d\u00ebshirojn\u00eb t\u00eb ndryshojn\u00eb di\u00e7ka me vullnetin e tyre, e kan\u00eb t\u00eb v\u00ebshtir\u00eb ta gjejn\u00eb m\u00ebnyr\u00ebn dhe mb\u00ebshtetjen p\u00ebr ta b\u00ebr\u00eb k\u00ebt\u00eb. Rrethuar nga arg\u00ebtimi i r\u00ebndomt\u00eb nga t\u00eb kat\u00ebr an\u00ebt dhe \u00ebndrrat e nj\u00eb jete t\u00eb leht\u00eb, dhe mendimi se si ta l\u00ebn\u00eb vendin e tyre, ata zgjedhin ta fokusojn\u00eb energjin\u00eb e tyre n\u00eb largim e jo n\u00eb ndryshimin e gj\u00ebrave p\u00ebr sa koh\u00eb q\u00eb jan\u00eb ende aty\u201d<\/i><span style=\"font-weight: 400;\">, theksoi ajo.<\/span><\/p><\/p>\n\n<p>P\u00ebr dallim nga prind\u00ebrit e saj, q\u00eb kan\u00eb p\u00ebrjetuar vitet \u201890-ta, luft\u00ebrat dhe inflacionin, kjo gjenerat\u00eb u p\u00ebrball me nj\u00eb kriz\u00eb t\u00eb madhe p\u00ebr her\u00eb t\u00eb par\u00eb, at\u00eb t\u00eb nivelit global. N\u00eb t\u00eb nj\u00ebjt\u00ebn koh\u00eb, shteti shpesh i shikon ata si t\u00eb dyshuarit kryesor\u00eb p\u00ebr p\u00ebrhapjen e virusit. Ja pse nuk duhet t\u00eb befasohemi me paraliz\u00ebn e tyre kur vjen te reagimi ndaj kriz\u00ebs q\u00eb ka rrezikuar edhe sistemet m\u00eb t\u00eb avancuara t\u00eb kujdesit sh\u00ebndet\u00ebsor n\u00eb Evrop\u00eb. N\u00eb vend t\u00eb tyre, kriz\u00ebs n\u00eb Vranje iu p\u00ebrgjigjen gjeneratat m\u00eb t\u00eb vjetra. &#13;\n<\/p>\n\n<p>Spitali n\u00eb k\u00ebt\u00eb qytet, ku me raste 200 pacient\u00eb nuk e dinin n\u00ebse do t&#8217;u vinte radha p\u00ebr oksigjen, e gjet\u00ebn vet\u00ebn n\u00eb pandemi pa infuzion, ila\u00e7e, maska oksigjeni, \u00e7ar\u00e7af\u00eb, manomet\u00ebr, material sanitar baz\u00eb t\u00eb mjaftuesh\u00ebm&#8230;Shoqata qytetare joformale, me nj\u00eb p\u00ebrkrahje logjistike nga Qendra p\u00ebr transparenc\u00eb mediale dhe p\u00ebrgjegj\u00ebsi sociale, u organizua dhe ia doli t\u00eb p\u00ebrmir\u00ebsonte kushtet n\u00eb spitalet e Covid vet\u00ebm brenda tri jav\u00ebve. &#13;\n<\/p>\n\n<p>Nj\u00eb vit m\u00eb von\u00eb, u paraqit nevoja p\u00ebr t\u00eb ndihmuar f\u00ebmij\u00ebt nga Vranja, nj\u00ebri prind ose t\u00eb dy prind\u00ebrit e t\u00eb cil\u00ebve kishin vdekur nga Covid, dhe thirrja p\u00ebr ndihm\u00eb u publikua n\u00eb Facebook nga bashk\u00ebfol\u00ebsja jon\u00eb Milica An\u0111elkovi\u0107 Jovanovi\u0107. Menj\u00ebher\u00eb pas k\u00ebsaj, thirrjes iu p\u00ebrgjigjen qindra gra. Nj\u00eb \u201cFond i solidaritetit p\u00ebr femra\u201d u krijua dhe n\u00eb ballon e bamir\u00ebsis\u00eb, t\u00eb organizuar n\u00eb gusht k\u00ebt\u00eb vit; ata mblodh\u00ebn m\u00eb shum\u00eb se 5,000 Eur dhe 26 donacione direkte. &#13;\n<\/p>\n\n<figure class=\"wp-block-image size-large is-style-default\"><img decoding=\"async\" width=\"1024\" height=\"623\" src=\"https:\/\/journalift.org\/wp-content\/uploads\/2022\/09\/04-1024x623.png\" alt=\"\" class=\"wp-image-17028\" srcset=\"https:\/\/journalift.org\/wp-content\/uploads\/2022\/09\/04-1024x623.png 1024w, https:\/\/journalift.org\/wp-content\/uploads\/2022\/09\/04-300x183.png 300w, https:\/\/journalift.org\/wp-content\/uploads\/2022\/09\/04-768x467.png 768w, https:\/\/journalift.org\/wp-content\/uploads\/2022\/09\/04.png 1280w\" sizes=\"(max-width: 1024px) 100vw, 1024px\" \/><figcaption><p><i><span style=\"font-weight: 400;\">F\u00ebmij\u00ebt e prind\u00ebrve q\u00eb vdiq\u00ebn nga Covid nuk do t\u00eb ngrin\u00eb k\u00ebt\u00eb vit; Foto: Fondi i solidaritetit p\u00ebr femra<\/span><\/i><\/p><\/figcaption><\/figure>\n\n<p>Grupit q\u00eb ka b\u00ebr\u00eb m\u00eb t\u00eb leht\u00eb jet\u00ebn e f\u00ebmij\u00ebve t\u00eb 20 familjeve q\u00eb kishin humbur an\u00ebtar\u00ebt nga Covid, iu bashkua edhe nj\u00eb mjeke nga Qendra Sh\u00ebndet\u00ebsore e Vranjes, Nata\u0161a Stojiljkovi\u0107. Ajo thot\u00eb se rinia mund t\u00eb jet\u00eb letargjike dhe apatike, por ata nuk do t\u2019ia kishin dal\u00eb mban\u00eb n\u00eb terren pa ndihm\u00ebn e tyre. &#13;\n<\/p>\n\n<p>Me sa duket fundi i pandemis\u00eb \u00ebsht\u00eb ende larg. Megjithat\u00eb, maskat q\u00eb i kemi mbajtur p\u00ebr m\u00eb shum\u00eb se nj\u00eb vit e gjysm\u00eb, nuk e mbyt\u00ebn z\u00ebrin e rinis\u00eb. K\u00ebto vajza jan\u00eb nj\u00eb shembull pozitiv se rinia n\u00eb k\u00ebto zona jan\u00eb sigurisht nj\u00eb z\u00eb e jo vet\u00ebm nj\u00eb jehon\u00eb.&#13;\n<\/p>\n\n<p><p><i><span style=\"font-weight: 400;\">Shkruar nga: Teodora Cvetkovska (<\/span><\/i><span style=\"font-weight: 400;\">Maqedonia e Veriut<\/span><i><span style=\"font-weight: 400;\">), Teodora Noveska (<\/span><\/i><span style=\"font-weight: 400;\">Maqedonia e Veriut<\/span><i><span style=\"font-weight: 400;\">), Sanja Petrov (Serbi)<\/span><\/i><\/p><\/p>\n","protected":false},"excerpt":{"rendered":"<p>Gjith\u00e7ka filloi nga frika se vajza e re An\u0111ela, q\u00eb jeton me n\u00ebn\u00ebn e saj n\u00eb skaj t\u00eb ekzistenc\u00ebs n\u00eb nj\u00eb fshat malor n\u00eb jug t\u00eb Serbis\u00eb, nuk do t\u00eb kishte ushqim gjat\u00eb orarit t\u00eb izolimit. Tamara Misirli\u0107, studente e vitit t\u00eb fundit n\u00eb shkoll\u00ebn e mesme nga Vranja, ndau nj\u00eb pjes\u00eb t\u00eb burs\u00ebs s\u00eb [&hellip;]<\/p>\n","protected":false},"author":8,"featured_media":17032,"comment_status":"open","ping_status":"open","sticky":false,"template":"","format":"standard","meta":{"_acf_changed":false,"site-sidebar-layout":"default","site-content-layout":"","ast-site-content-layout":"default","site-content-style":"default","site-sidebar-style":"default","ast-global-header-display":"","ast-banner-title-visibility":"","ast-main-header-display":"","ast-hfb-above-header-display":"","ast-hfb-below-header-display":"","ast-hfb-mobile-header-display":"","site-post-title":"","ast-breadcrumbs-content":"","ast-featured-img":"","footer-sml-layout":"","ast-disable-related-posts":"","theme-transparent-header-meta":"","adv-header-id-meta":"","stick-header-meta":"","header-above-stick-meta":"","header-main-stick-meta":"","header-below-stick-meta":"","astra-migrate-meta-layouts":"default","ast-page-background-enabled":"default","ast-page-background-meta":{"desktop":{"background-color":"","background-image":"","background-repeat":"repeat","background-position":"center center","background-size":"auto","background-attachment":"scroll","background-type":"","background-media":"","overlay-type":"","overlay-color":"","overlay-opacity":"","overlay-gradient":""},"tablet":{"background-color":"","background-image":"","background-repeat":"repeat","background-position":"center center","background-size":"auto","background-attachment":"scroll","background-type":"","background-media":"","overlay-type":"","overlay-color":"","overlay-opacity":"","overlay-gradient":""},"mobile":{"background-color":"","background-image":"","background-repeat":"repeat","background-position":"center center","background-size":"auto","background-attachment":"scroll","background-type":"","background-media":"","overlay-type":"","overlay-color":"","overlay-opacity":"","overlay-gradient":""}},"ast-content-background-meta":{"desktop":{"background-color":"var(--ast-global-color-5)","background-image":"","background-repeat":"repeat","background-position":"center center","background-size":"auto","background-attachment":"scroll","background-type":"","background-media":"","overlay-type":"","overlay-color":"","overlay-opacity":"","overlay-gradient":""},"tablet":{"background-color":"var(--ast-global-color-5)","background-image":"","background-repeat":"repeat","background-position":"center center","background-size":"auto","background-attachment":"scroll","background-type":"","background-media":"","overlay-type":"","overlay-color":"","overlay-opacity":"","overlay-gradient":""},"mobile":{"background-color":"var(--ast-global-color-5)","background-image":"","background-repeat":"repeat","background-position":"center center","background-size":"auto","background-attachment":"scroll","background-type":"","background-media":"","overlay-type":"","overlay-color":"","overlay-opacity":"","overlay-gradient":""}},"footnotes":""},"categories":[103,83],"tags":[1548,1545,1546,1547],"class_list":["post-17043","post","type-post","status-publish","format-standard","has-post-thumbnail","hentry","category-median-tradicionale-sq","category-trendet-ne-media-sq","tag-heronj-te-komunitetit","tag-pandemise","tag-rinjte","tag-serbia-sq","ciTrackContent"],"acf":[],"yoast_head":"<!-- This site is optimized with the Yoast SEO plugin v27.4 - https:\/\/yoast.com\/product\/yoast-seo-wordpress\/ -->\n<title>Ana tjet\u00ebr e pandemis\u00eb: t\u00eb rinjt\u00eb nga Serbia dhe Maqedonia e Veriut heronj t\u00eb komunitetit - Journalift<\/title>\n<meta name=\"robots\" content=\"index, follow, max-snippet:-1, max-image-preview:large, max-video-preview:-1\" \/>\n<link rel=\"canonical\" href=\"https:\/\/journalift.org\/sq\/ana-tjeter-e-pandemise-te-rinjte-nga-serbia-dhe-maqedonia-e-veriut-heronj-te-komunitetit\/\" \/>\n<meta property=\"og:locale\" content=\"sq_AL\" \/>\n<meta property=\"og:type\" content=\"article\" \/>\n<meta property=\"og:title\" content=\"Ana tjet\u00ebr e pandemis\u00eb: t\u00eb rinjt\u00eb nga Serbia dhe Maqedonia e Veriut heronj t\u00eb komunitetit - Journalift\" \/>\n<meta property=\"og:description\" content=\"Gjith\u00e7ka filloi nga frika se vajza e re An\u0111ela, q\u00eb jeton me n\u00ebn\u00ebn e saj n\u00eb skaj t\u00eb ekzistenc\u00ebs n\u00eb nj\u00eb fshat malor n\u00eb jug t\u00eb Serbis\u00eb, nuk do t\u00eb kishte ushqim gjat\u00eb orarit t\u00eb izolimit. Tamara Misirli\u0107, studente e vitit t\u00eb fundit n\u00eb shkoll\u00ebn e mesme nga Vranja, ndau nj\u00eb pjes\u00eb t\u00eb burs\u00ebs s\u00eb [&hellip;]\" \/>\n<meta property=\"og:url\" content=\"https:\/\/journalift.org\/sq\/ana-tjeter-e-pandemise-te-rinjte-nga-serbia-dhe-maqedonia-e-veriut-heronj-te-komunitetit\/\" \/>\n<meta property=\"og:site_name\" content=\"Journalift\" \/>\n<meta property=\"article:published_time\" content=\"2022-09-07T11:06:50+00:00\" \/>\n<meta property=\"article:modified_time\" content=\"2022-09-07T11:11:10+00:00\" \/>\n<meta property=\"og:image\" content=\"https:\/\/journalift.org\/wp-content\/uploads\/2022\/09\/01-The-Other-Side-of-the-Pandemic-Youth-from-Serbia-and-North-Macedonia.png\" \/>\n\t<meta property=\"og:image:width\" content=\"1920\" \/>\n\t<meta property=\"og:image:height\" content=\"632\" \/>\n\t<meta property=\"og:image:type\" content=\"image\/png\" \/>\n<meta name=\"author\" content=\"Journalift\" \/>\n<meta name=\"twitter:card\" content=\"summary_large_image\" \/>\n<meta name=\"twitter:label1\" content=\"Written by\" \/>\n\t<meta name=\"twitter:data1\" content=\"Journalift\" \/>\n\t<meta name=\"twitter:label2\" content=\"Est. reading time\" \/>\n\t<meta name=\"twitter:data2\" content=\"8 minutes\" \/>\n<script type=\"application\/ld+json\" class=\"yoast-schema-graph\">{\"@context\":\"https:\\\/\\\/schema.org\",\"@graph\":[{\"@type\":\"Article\",\"@id\":\"https:\\\/\\\/journalift.org\\\/sq\\\/ana-tjeter-e-pandemise-te-rinjte-nga-serbia-dhe-maqedonia-e-veriut-heronj-te-komunitetit\\\/#article\",\"isPartOf\":{\"@id\":\"https:\\\/\\\/journalift.org\\\/sq\\\/ana-tjeter-e-pandemise-te-rinjte-nga-serbia-dhe-maqedonia-e-veriut-heronj-te-komunitetit\\\/\"},\"author\":{\"name\":\"Journalift\",\"@id\":\"https:\\\/\\\/journalift.org\\\/sq\\\/#\\\/schema\\\/person\\\/a6d77a5e4773c1fad08e626035b99cea\"},\"headline\":\"Ana tjet\u00ebr e pandemis\u00eb: t\u00eb rinjt\u00eb nga Serbia dhe Maqedonia e Veriut heronj t\u00eb komunitetit\",\"datePublished\":\"2022-09-07T11:06:50+00:00\",\"dateModified\":\"2022-09-07T11:11:10+00:00\",\"mainEntityOfPage\":{\"@id\":\"https:\\\/\\\/journalift.org\\\/sq\\\/ana-tjeter-e-pandemise-te-rinjte-nga-serbia-dhe-maqedonia-e-veriut-heronj-te-komunitetit\\\/\"},\"wordCount\":1519,\"commentCount\":0,\"publisher\":{\"@id\":\"https:\\\/\\\/journalift.org\\\/sq\\\/#organization\"},\"image\":{\"@id\":\"https:\\\/\\\/journalift.org\\\/sq\\\/ana-tjeter-e-pandemise-te-rinjte-nga-serbia-dhe-maqedonia-e-veriut-heronj-te-komunitetit\\\/#primaryimage\"},\"thumbnailUrl\":\"https:\\\/\\\/journalift.org\\\/wp-content\\\/uploads\\\/2022\\\/09\\\/01-The-Other-Side-of-the-Pandemic-Youth-from-Serbia-and-North-Macedonia.png\",\"keywords\":[\"heronj t\u00eb komunitetit\",\"pandemis\u00eb\",\"rinjt\u00eb\",\"Serbia\"],\"articleSection\":[\"Median Tradicionale\",\"Trende n\u00eb Media\"],\"inLanguage\":\"sq-AL\",\"potentialAction\":[{\"@type\":\"CommentAction\",\"name\":\"Comment\",\"target\":[\"https:\\\/\\\/journalift.org\\\/sq\\\/ana-tjeter-e-pandemise-te-rinjte-nga-serbia-dhe-maqedonia-e-veriut-heronj-te-komunitetit\\\/#respond\"]}]},{\"@type\":\"WebPage\",\"@id\":\"https:\\\/\\\/journalift.org\\\/sq\\\/ana-tjeter-e-pandemise-te-rinjte-nga-serbia-dhe-maqedonia-e-veriut-heronj-te-komunitetit\\\/\",\"url\":\"https:\\\/\\\/journalift.org\\\/sq\\\/ana-tjeter-e-pandemise-te-rinjte-nga-serbia-dhe-maqedonia-e-veriut-heronj-te-komunitetit\\\/\",\"name\":\"Ana tjet\u00ebr e pandemis\u00eb: t\u00eb rinjt\u00eb nga Serbia dhe Maqedonia e Veriut heronj t\u00eb komunitetit - Journalift\",\"isPartOf\":{\"@id\":\"https:\\\/\\\/journalift.org\\\/sq\\\/#website\"},\"primaryImageOfPage\":{\"@id\":\"https:\\\/\\\/journalift.org\\\/sq\\\/ana-tjeter-e-pandemise-te-rinjte-nga-serbia-dhe-maqedonia-e-veriut-heronj-te-komunitetit\\\/#primaryimage\"},\"image\":{\"@id\":\"https:\\\/\\\/journalift.org\\\/sq\\\/ana-tjeter-e-pandemise-te-rinjte-nga-serbia-dhe-maqedonia-e-veriut-heronj-te-komunitetit\\\/#primaryimage\"},\"thumbnailUrl\":\"https:\\\/\\\/journalift.org\\\/wp-content\\\/uploads\\\/2022\\\/09\\\/01-The-Other-Side-of-the-Pandemic-Youth-from-Serbia-and-North-Macedonia.png\",\"datePublished\":\"2022-09-07T11:06:50+00:00\",\"dateModified\":\"2022-09-07T11:11:10+00:00\",\"breadcrumb\":{\"@id\":\"https:\\\/\\\/journalift.org\\\/sq\\\/ana-tjeter-e-pandemise-te-rinjte-nga-serbia-dhe-maqedonia-e-veriut-heronj-te-komunitetit\\\/#breadcrumb\"},\"inLanguage\":\"sq-AL\",\"potentialAction\":[{\"@type\":\"ReadAction\",\"target\":[\"https:\\\/\\\/journalift.org\\\/sq\\\/ana-tjeter-e-pandemise-te-rinjte-nga-serbia-dhe-maqedonia-e-veriut-heronj-te-komunitetit\\\/\"]}]},{\"@type\":\"ImageObject\",\"inLanguage\":\"sq-AL\",\"@id\":\"https:\\\/\\\/journalift.org\\\/sq\\\/ana-tjeter-e-pandemise-te-rinjte-nga-serbia-dhe-maqedonia-e-veriut-heronj-te-komunitetit\\\/#primaryimage\",\"url\":\"https:\\\/\\\/journalift.org\\\/wp-content\\\/uploads\\\/2022\\\/09\\\/01-The-Other-Side-of-the-Pandemic-Youth-from-Serbia-and-North-Macedonia.png\",\"contentUrl\":\"https:\\\/\\\/journalift.org\\\/wp-content\\\/uploads\\\/2022\\\/09\\\/01-The-Other-Side-of-the-Pandemic-Youth-from-Serbia-and-North-Macedonia.png\",\"width\":1920,\"height\":632,\"caption\":\"01-The-Other-Side-of-the-Pandemic-Youth-from-Serbia-and-North-Macedonia.png\"},{\"@type\":\"BreadcrumbList\",\"@id\":\"https:\\\/\\\/journalift.org\\\/sq\\\/ana-tjeter-e-pandemise-te-rinjte-nga-serbia-dhe-maqedonia-e-veriut-heronj-te-komunitetit\\\/#breadcrumb\",\"itemListElement\":[{\"@type\":\"ListItem\",\"position\":1,\"name\":\"Home\",\"item\":\"https:\\\/\\\/journalift.org\\\/sq\\\/\"},{\"@type\":\"ListItem\",\"position\":2,\"name\":\"Ana tjet\u00ebr e pandemis\u00eb: t\u00eb rinjt\u00eb nga Serbia dhe Maqedonia e Veriut heronj t\u00eb komunitetit\"}]},{\"@type\":\"WebSite\",\"@id\":\"https:\\\/\\\/journalift.org\\\/sq\\\/#website\",\"url\":\"https:\\\/\\\/journalift.org\\\/sq\\\/\",\"name\":\"Journalift\",\"description\":\"Journalift\",\"publisher\":{\"@id\":\"https:\\\/\\\/journalift.org\\\/sq\\\/#organization\"},\"potentialAction\":[{\"@type\":\"SearchAction\",\"target\":{\"@type\":\"EntryPoint\",\"urlTemplate\":\"https:\\\/\\\/journalift.org\\\/sq\\\/?s={search_term_string}\"},\"query-input\":{\"@type\":\"PropertyValueSpecification\",\"valueRequired\":true,\"valueName\":\"search_term_string\"}}],\"inLanguage\":\"sq-AL\"},{\"@type\":\"Organization\",\"@id\":\"https:\\\/\\\/journalift.org\\\/sq\\\/#organization\",\"name\":\"Journalift\",\"url\":\"https:\\\/\\\/journalift.org\\\/sq\\\/\",\"logo\":{\"@type\":\"ImageObject\",\"inLanguage\":\"sq-AL\",\"@id\":\"https:\\\/\\\/journalift.org\\\/sq\\\/#\\\/schema\\\/logo\\\/image\\\/\",\"url\":\"https:\\\/\\\/journalift.org\\\/wp-content\\\/uploads\\\/2021\\\/04\\\/Journalift-negative.png\",\"contentUrl\":\"https:\\\/\\\/journalift.org\\\/wp-content\\\/uploads\\\/2021\\\/04\\\/Journalift-negative.png\",\"width\":327,\"height\":104,\"caption\":\"Journalift\"},\"image\":{\"@id\":\"https:\\\/\\\/journalift.org\\\/sq\\\/#\\\/schema\\\/logo\\\/image\\\/\"}},{\"@type\":\"Person\",\"@id\":\"https:\\\/\\\/journalift.org\\\/sq\\\/#\\\/schema\\\/person\\\/a6d77a5e4773c1fad08e626035b99cea\",\"name\":\"Journalift\",\"image\":{\"@type\":\"ImageObject\",\"inLanguage\":\"sq-AL\",\"@id\":\"https:\\\/\\\/secure.gravatar.com\\\/avatar\\\/e7854ed6015a3cb2134294777977087a87a05a6fdef69f2169b224f94cb4764b?s=96&d=mm&r=g\",\"url\":\"https:\\\/\\\/secure.gravatar.com\\\/avatar\\\/e7854ed6015a3cb2134294777977087a87a05a6fdef69f2169b224f94cb4764b?s=96&d=mm&r=g\",\"contentUrl\":\"https:\\\/\\\/secure.gravatar.com\\\/avatar\\\/e7854ed6015a3cb2134294777977087a87a05a6fdef69f2169b224f94cb4764b?s=96&d=mm&r=g\",\"caption\":\"Journalift\"},\"url\":\"https:\\\/\\\/journalift.org\\\/sq\\\/author\\\/ivana\\\/\"}]}<\/script>\n<!-- \/ Yoast SEO plugin. -->","yoast_head_json":{"title":"Ana tjet\u00ebr e pandemis\u00eb: t\u00eb rinjt\u00eb nga Serbia dhe Maqedonia e Veriut heronj t\u00eb komunitetit - Journalift","robots":{"index":"index","follow":"follow","max-snippet":"max-snippet:-1","max-image-preview":"max-image-preview:large","max-video-preview":"max-video-preview:-1"},"canonical":"https:\/\/journalift.org\/sq\/ana-tjeter-e-pandemise-te-rinjte-nga-serbia-dhe-maqedonia-e-veriut-heronj-te-komunitetit\/","og_locale":"sq_AL","og_type":"article","og_title":"Ana tjet\u00ebr e pandemis\u00eb: t\u00eb rinjt\u00eb nga Serbia dhe Maqedonia e Veriut heronj t\u00eb komunitetit - Journalift","og_description":"Gjith\u00e7ka filloi nga frika se vajza e re An\u0111ela, q\u00eb jeton me n\u00ebn\u00ebn e saj n\u00eb skaj t\u00eb ekzistenc\u00ebs n\u00eb nj\u00eb fshat malor n\u00eb jug t\u00eb Serbis\u00eb, nuk do t\u00eb kishte ushqim gjat\u00eb orarit t\u00eb izolimit. Tamara Misirli\u0107, studente e vitit t\u00eb fundit n\u00eb shkoll\u00ebn e mesme nga Vranja, ndau nj\u00eb pjes\u00eb t\u00eb burs\u00ebs s\u00eb [&hellip;]","og_url":"https:\/\/journalift.org\/sq\/ana-tjeter-e-pandemise-te-rinjte-nga-serbia-dhe-maqedonia-e-veriut-heronj-te-komunitetit\/","og_site_name":"Journalift","article_published_time":"2022-09-07T11:06:50+00:00","article_modified_time":"2022-09-07T11:11:10+00:00","og_image":[{"width":1920,"height":632,"url":"https:\/\/journalift.org\/wp-content\/uploads\/2022\/09\/01-The-Other-Side-of-the-Pandemic-Youth-from-Serbia-and-North-Macedonia.png","type":"image\/png"}],"author":"Journalift","twitter_card":"summary_large_image","twitter_misc":{"Written by":"Journalift","Est. reading time":"8 minutes"},"schema":{"@context":"https:\/\/schema.org","@graph":[{"@type":"Article","@id":"https:\/\/journalift.org\/sq\/ana-tjeter-e-pandemise-te-rinjte-nga-serbia-dhe-maqedonia-e-veriut-heronj-te-komunitetit\/#article","isPartOf":{"@id":"https:\/\/journalift.org\/sq\/ana-tjeter-e-pandemise-te-rinjte-nga-serbia-dhe-maqedonia-e-veriut-heronj-te-komunitetit\/"},"author":{"name":"Journalift","@id":"https:\/\/journalift.org\/sq\/#\/schema\/person\/a6d77a5e4773c1fad08e626035b99cea"},"headline":"Ana tjet\u00ebr e pandemis\u00eb: t\u00eb rinjt\u00eb nga Serbia dhe Maqedonia e Veriut heronj t\u00eb komunitetit","datePublished":"2022-09-07T11:06:50+00:00","dateModified":"2022-09-07T11:11:10+00:00","mainEntityOfPage":{"@id":"https:\/\/journalift.org\/sq\/ana-tjeter-e-pandemise-te-rinjte-nga-serbia-dhe-maqedonia-e-veriut-heronj-te-komunitetit\/"},"wordCount":1519,"commentCount":0,"publisher":{"@id":"https:\/\/journalift.org\/sq\/#organization"},"image":{"@id":"https:\/\/journalift.org\/sq\/ana-tjeter-e-pandemise-te-rinjte-nga-serbia-dhe-maqedonia-e-veriut-heronj-te-komunitetit\/#primaryimage"},"thumbnailUrl":"https:\/\/journalift.org\/wp-content\/uploads\/2022\/09\/01-The-Other-Side-of-the-Pandemic-Youth-from-Serbia-and-North-Macedonia.png","keywords":["heronj t\u00eb komunitetit","pandemis\u00eb","rinjt\u00eb","Serbia"],"articleSection":["Median Tradicionale","Trende n\u00eb Media"],"inLanguage":"sq-AL","potentialAction":[{"@type":"CommentAction","name":"Comment","target":["https:\/\/journalift.org\/sq\/ana-tjeter-e-pandemise-te-rinjte-nga-serbia-dhe-maqedonia-e-veriut-heronj-te-komunitetit\/#respond"]}]},{"@type":"WebPage","@id":"https:\/\/journalift.org\/sq\/ana-tjeter-e-pandemise-te-rinjte-nga-serbia-dhe-maqedonia-e-veriut-heronj-te-komunitetit\/","url":"https:\/\/journalift.org\/sq\/ana-tjeter-e-pandemise-te-rinjte-nga-serbia-dhe-maqedonia-e-veriut-heronj-te-komunitetit\/","name":"Ana tjet\u00ebr e pandemis\u00eb: t\u00eb rinjt\u00eb nga Serbia dhe Maqedonia e Veriut heronj t\u00eb komunitetit - Journalift","isPartOf":{"@id":"https:\/\/journalift.org\/sq\/#website"},"primaryImageOfPage":{"@id":"https:\/\/journalift.org\/sq\/ana-tjeter-e-pandemise-te-rinjte-nga-serbia-dhe-maqedonia-e-veriut-heronj-te-komunitetit\/#primaryimage"},"image":{"@id":"https:\/\/journalift.org\/sq\/ana-tjeter-e-pandemise-te-rinjte-nga-serbia-dhe-maqedonia-e-veriut-heronj-te-komunitetit\/#primaryimage"},"thumbnailUrl":"https:\/\/journalift.org\/wp-content\/uploads\/2022\/09\/01-The-Other-Side-of-the-Pandemic-Youth-from-Serbia-and-North-Macedonia.png","datePublished":"2022-09-07T11:06:50+00:00","dateModified":"2022-09-07T11:11:10+00:00","breadcrumb":{"@id":"https:\/\/journalift.org\/sq\/ana-tjeter-e-pandemise-te-rinjte-nga-serbia-dhe-maqedonia-e-veriut-heronj-te-komunitetit\/#breadcrumb"},"inLanguage":"sq-AL","potentialAction":[{"@type":"ReadAction","target":["https:\/\/journalift.org\/sq\/ana-tjeter-e-pandemise-te-rinjte-nga-serbia-dhe-maqedonia-e-veriut-heronj-te-komunitetit\/"]}]},{"@type":"ImageObject","inLanguage":"sq-AL","@id":"https:\/\/journalift.org\/sq\/ana-tjeter-e-pandemise-te-rinjte-nga-serbia-dhe-maqedonia-e-veriut-heronj-te-komunitetit\/#primaryimage","url":"https:\/\/journalift.org\/wp-content\/uploads\/2022\/09\/01-The-Other-Side-of-the-Pandemic-Youth-from-Serbia-and-North-Macedonia.png","contentUrl":"https:\/\/journalift.org\/wp-content\/uploads\/2022\/09\/01-The-Other-Side-of-the-Pandemic-Youth-from-Serbia-and-North-Macedonia.png","width":1920,"height":632,"caption":"01-The-Other-Side-of-the-Pandemic-Youth-from-Serbia-and-North-Macedonia.png"},{"@type":"BreadcrumbList","@id":"https:\/\/journalift.org\/sq\/ana-tjeter-e-pandemise-te-rinjte-nga-serbia-dhe-maqedonia-e-veriut-heronj-te-komunitetit\/#breadcrumb","itemListElement":[{"@type":"ListItem","position":1,"name":"Home","item":"https:\/\/journalift.org\/sq\/"},{"@type":"ListItem","position":2,"name":"Ana tjet\u00ebr e pandemis\u00eb: t\u00eb rinjt\u00eb nga Serbia dhe Maqedonia e Veriut heronj t\u00eb komunitetit"}]},{"@type":"WebSite","@id":"https:\/\/journalift.org\/sq\/#website","url":"https:\/\/journalift.org\/sq\/","name":"Journalift","description":"Journalift","publisher":{"@id":"https:\/\/journalift.org\/sq\/#organization"},"potentialAction":[{"@type":"SearchAction","target":{"@type":"EntryPoint","urlTemplate":"https:\/\/journalift.org\/sq\/?s={search_term_string}"},"query-input":{"@type":"PropertyValueSpecification","valueRequired":true,"valueName":"search_term_string"}}],"inLanguage":"sq-AL"},{"@type":"Organization","@id":"https:\/\/journalift.org\/sq\/#organization","name":"Journalift","url":"https:\/\/journalift.org\/sq\/","logo":{"@type":"ImageObject","inLanguage":"sq-AL","@id":"https:\/\/journalift.org\/sq\/#\/schema\/logo\/image\/","url":"https:\/\/journalift.org\/wp-content\/uploads\/2021\/04\/Journalift-negative.png","contentUrl":"https:\/\/journalift.org\/wp-content\/uploads\/2021\/04\/Journalift-negative.png","width":327,"height":104,"caption":"Journalift"},"image":{"@id":"https:\/\/journalift.org\/sq\/#\/schema\/logo\/image\/"}},{"@type":"Person","@id":"https:\/\/journalift.org\/sq\/#\/schema\/person\/a6d77a5e4773c1fad08e626035b99cea","name":"Journalift","image":{"@type":"ImageObject","inLanguage":"sq-AL","@id":"https:\/\/secure.gravatar.com\/avatar\/e7854ed6015a3cb2134294777977087a87a05a6fdef69f2169b224f94cb4764b?s=96&d=mm&r=g","url":"https:\/\/secure.gravatar.com\/avatar\/e7854ed6015a3cb2134294777977087a87a05a6fdef69f2169b224f94cb4764b?s=96&d=mm&r=g","contentUrl":"https:\/\/secure.gravatar.com\/avatar\/e7854ed6015a3cb2134294777977087a87a05a6fdef69f2169b224f94cb4764b?s=96&d=mm&r=g","caption":"Journalift"},"url":"https:\/\/journalift.org\/sq\/author\/ivana\/"}]}},"_links":{"self":[{"href":"https:\/\/journalift.org\/sq\/wp-json\/wp\/v2\/posts\/17043","targetHints":{"allow":["GET"]}}],"collection":[{"href":"https:\/\/journalift.org\/sq\/wp-json\/wp\/v2\/posts"}],"about":[{"href":"https:\/\/journalift.org\/sq\/wp-json\/wp\/v2\/types\/post"}],"author":[{"embeddable":true,"href":"https:\/\/journalift.org\/sq\/wp-json\/wp\/v2\/users\/8"}],"replies":[{"embeddable":true,"href":"https:\/\/journalift.org\/sq\/wp-json\/wp\/v2\/comments?post=17043"}],"version-history":[{"count":4,"href":"https:\/\/journalift.org\/sq\/wp-json\/wp\/v2\/posts\/17043\/revisions"}],"predecessor-version":[{"id":17054,"href":"https:\/\/journalift.org\/sq\/wp-json\/wp\/v2\/posts\/17043\/revisions\/17054"}],"wp:featuredmedia":[{"embeddable":true,"href":"https:\/\/journalift.org\/sq\/wp-json\/wp\/v2\/media\/17032"}],"wp:attachment":[{"href":"https:\/\/journalift.org\/sq\/wp-json\/wp\/v2\/media?parent=17043"}],"wp:term":[{"taxonomy":"category","embeddable":true,"href":"https:\/\/journalift.org\/sq\/wp-json\/wp\/v2\/categories?post=17043"},{"taxonomy":"post_tag","embeddable":true,"href":"https:\/\/journalift.org\/sq\/wp-json\/wp\/v2\/tags?post=17043"}],"curies":[{"name":"wp","href":"https:\/\/api.w.org\/{rel}","templated":true}]}}