{"id":6304,"date":"2021-06-11T11:45:19","date_gmt":"2021-06-11T11:45:19","guid":{"rendered":"https:\/\/journalift.org\/?p=6304"},"modified":"2021-07-01T13:14:23","modified_gmt":"2021-07-01T13:14:23","slug":"matja-e-tregut-kalimi-nga-vleresimet-e-peraferta-tek-ato-te-informuara","status":"publish","type":"post","link":"https:\/\/journalift.org\/sq\/matja-e-tregut-kalimi-nga-vleresimet-e-peraferta-tek-ato-te-informuara\/","title":{"rendered":"Matja e tregut: kalimi nga vler\u00ebsimet e p\u00ebraf\u00ebrta tek ato t\u00eb informuara"},"content":{"rendered":"\n<p><span style=\"font-weight: 400;\">Organizatat e mediave q\u00eb veprojn\u00eb n\u00eb tregje me infrastruktur\u00eb t\u00eb fort\u00eb mund t\u00eb mb\u00ebshtet\u00ebn n\u00eb qasje t\u00eb thjesht\u00eb tek t\u00eb <strong>dh\u00ebnat e tregut<\/strong>. K\u00ebto organizata v\u00ebshtir\u00eb se mund t\u00eb paramendojn\u00eb investimin n\u00eb nj\u00eb kanal t\u00eb ri apo zhvillimin e prodhimeve t\u00eb reja pa nj\u00eb analiz\u00eb thelb\u00ebsore t\u00eb biznesit e cila n\u00ebnkupton analiz\u00ebn e detajuar t\u00eb tregut. Mir\u00ebpo, kjo qasje nuk zbatohet aq shum\u00eb n\u00eb shumic\u00ebn e tregjeve t\u00eb Ballkanit Per\u00ebndimor, ku t\u00eb dh\u00ebnat p\u00ebr tregun jan\u00eb ose krejt\u00ebsisht jo t\u00eb qasshme ose jan\u00eb t\u00eb deformuara me statistika t\u00eb pjesshme, t\u00eb vjet\u00ebrsuara dhe t\u00eb pasigurta. <\/span><\/p>\n\n<p><span style=\"font-weight: 400;\">Si\u00e7 e kan\u00eb zbuluar shum\u00eb organizata t\u00eb p\u00ebrfshira n\u00eb projektin <\/span><i><span style=\"font-weight: 400;\">Media for All <\/span><\/i><span style=\"font-weight: 400;\">duke i zhvilluar planet e veta t\u00eb biznesit dhe buxhetet, lidhja e nj\u00eb shifre p\u00ebr nj\u00eb paramet\u00ebr t\u00eb tregut q\u00eb \u00ebsht\u00eb i r\u00ebnd\u00ebsish\u00ebm p\u00ebr planifikimin e ardhsh\u00ebm \u00ebsht\u00eb m\u00eb shum\u00eb nj\u00eb prodhimvler\u00ebsimi, sesa i matjeve reale. T\u00eb dh\u00ebnat q\u00eb tregojn\u00eb p\u00ebr karakteristikat e nj\u00eb tregu t\u00eb caktuar, si\u00e7 jan\u00eb tipi dhe sasia e prodhimit ose sh\u00ebrbimit q\u00eb i ofrohen nj\u00eb publikut t\u00eb caktuar, buxheti vjetor p\u00ebr reklamim, kostot reale q\u00eb u paguhen konkurrenc\u00ebs, \u00e7mimet sipas shikimit t\u00eb shpalljeve, si dhe shum\u00eb komponente t\u00eb tjera q\u00eb jan\u00eb t\u00eb domosdoshme p\u00ebr nj\u00eb vler\u00ebsim t\u00eb mir\u00eb biznesi, ose nuk jan\u00eb t\u00eb qasshme, ose jan\u00eb t\u00eb vjet\u00ebrsuara dhe t\u00eb pasigurta. P\u00ebrve\u00e7 k\u00ebsaj, informacionet zyrtare p\u00ebr rejtingun e shikueshm\u00ebris\u00eb ose lexueshm\u00ebris\u00eb ose nuk jan\u00eb n\u00eb dispozicion, ose jan\u00eb t\u00eb qasshme vet\u00ebm p\u00ebr emetuesit m\u00eb t\u00eb m\u00ebdhenj komb\u00ebtar q\u00eb jan\u00eb t\u00eb gatsh\u00ebm q\u00eb t\u00eb paguajn\u00eb p\u00ebr ato. <\/span><\/p>\n\n<p>P\u00ebrve\u00e7 k\u00ebsaj, tregu rrall\u00eb ndonj\u00ebher\u00eb \u00ebsht\u00eb krejt\u00ebsisht i lir\u00eb \u2013 kjo do t\u00eb thot\u00eb se lidhjet politike, t\u00eb biznesit, por edhe etnike dhe familjare ndikojn\u00eb tek vendimet e reklamuesve, duke i p\u00ebrfshir\u00eb edhe ata institucional. P\u00ebr k\u00ebt\u00eb arsye, procesi i matjes s\u00eb madh\u00ebsis\u00eb s\u00eb tregut p\u00ebr arsye t\u00eb l\u00ebshimit n\u00eb treg t\u00eb nj\u00eb prodhimit ose investimit t\u00eb ri, m\u00eb shpesh bazohet mbi njohjen e kontekstit m\u00eb t\u00eb thell\u00eb shoq\u00ebror, sesa mbi kalkulimet e pastra t\u00eb biznesit. <\/p>\n\n<figure class=\"wp-block-image size-large\"><img fetchpriority=\"high\" decoding=\"async\" width=\"1024\" height=\"506\" src=\"https:\/\/journalift.org\/wp-content\/uploads\/2021\/06\/02-Odakle-poceti-kada-nemate-pouzdane-podatke-1024x506.png\" alt=\"Ku t&#xEB; filloni, kur nuk i keni t&#xEB; dh&#xEB;nat e sigurta?\" class=\"wp-image-6278\" srcset=\"https:\/\/journalift.org\/wp-content\/uploads\/2021\/06\/02-Odakle-poceti-kada-nemate-pouzdane-podatke-1024x506.png 1024w, https:\/\/journalift.org\/wp-content\/uploads\/2021\/06\/02-Odakle-poceti-kada-nemate-pouzdane-podatke-300x148.png 300w, https:\/\/journalift.org\/wp-content\/uploads\/2021\/06\/02-Odakle-poceti-kada-nemate-pouzdane-podatke-768x379.png 768w, https:\/\/journalift.org\/wp-content\/uploads\/2021\/06\/02-Odakle-poceti-kada-nemate-pouzdane-podatke.png 1280w\" sizes=\"(max-width: 1024px) 100vw, 1024px\" \/><\/figure>\n\n<h2 class=\"wp-block-heading\">Ku t\u00eb filloni, kur nuk i keni t\u00eb dh\u00ebnat e sigurta?<\/h2>\n\n<p>Pamund\u00ebsia q\u00eb t\u00eb mb\u00ebshteteni tek informacionet e qasshme nuk do t\u00eb thot\u00eb se matja e tregut q\u00eb bazohet tek t\u00eb dh\u00ebnat \u00ebsht\u00eb e pamundur, ose q\u00eb metodat standarde \u201cper\u00ebndimore\u201d nuk jan\u00eb t\u00eb zbatueshme n\u00eb Ballkan, si\u00e7 thon\u00eb. Megjithat\u00eb, nevojit\u00ebn aft\u00ebsi t\u00eb shtuara, fleksibiliteti dhe inovacioni, q\u00eb jan\u00eb shum\u00eb tipike p\u00ebr menaxher\u00ebt e suksessh\u00ebm t\u00eb mediave n\u00eb rajon q\u00eb kan\u00eb mbijetuar shum\u00eb stuhi politike dhe ekonomike. <\/p>\n\n<p>N\u00eb vazhdim ju sjellim disa k\u00ebshilla praktike p\u00ebr at\u00eb se si t\u00eb merreni me matjen e tregut tuaj pa u mb\u00ebshtetur tek informacionet q\u00eb i keni n\u00eb dispozicion.<\/p>\n\n<ol class=\"wp-block-list\"><li><strong>Mos i bazoni vendimet e veta vet\u00ebm n\u00eb ndjenja<\/strong><\/li><\/ol>\n\n<p>E dim\u00eb, gjat\u00eb viteve t\u00eb shumta marrja e vendimeve t\u00eb bazuara n\u00eb ndjenja ju kan\u00eb \u00e7uar aty ku jeni tani, dhe keni t\u00eb drejt\u00eb t\u00eb mendoni se tregun tuaj askush nuk e njeh m\u00eb mir\u00eb se ju dhe ekipi juaj i shitjes. &#13;\n<\/p>\n\n<p>Se si do t\u00eb rrjedh\u00eb projekti i ri do t\u00eb jet\u00eb vendimi juaj menaxhues, por para k\u00ebsaj kujdesuni q\u00eb ky vendim t\u00eb jet\u00eb i themeluar edhe n\u00eb dijeni t\u00eb shtuara q\u00eb do t\u055ai mblidhni nga personat jasht\u00eb organizat\u00ebs suaj, respektivisht nga publiku juaj i q\u00eblluar dhe reklamuesit dhe investitor\u00ebt tuaj potencial (m\u00eb shum\u00eb p\u00ebr k\u00ebto metoda lexoni n\u00eb vazhdim);<\/p>\n\n<ol class=\"wp-block-list\" start=\"2\"><li><strong>Mos i bazoni vendimet tuaja vet\u00ebm n\u00eb ekspertiz\u00ebn e ekipit tuaj editorial<\/strong><\/li><\/ol>\n\n<p>Gazetar\u00ebt dhe redaktor\u00ebt jan\u00eb nj\u00eb segment specifik dhe i specializuar ngusht\u00eb i publikut, q\u00eb kan\u00eb preokupim t\u00eb thell\u00eb me produksionin e programit dhe t\u00eb historive. Standard\u00ebt dhe vler\u00ebsimet e tyre profesionale kan\u00eb r\u00ebnd\u00ebsin\u00eb ky\u00e7e p\u00ebr krijimin e p\u00ebrmbajtjes cil\u00ebsore, por zakonisht ata nuk jan\u00eb p\u00ebrfaq\u00ebsuesit e publikut tuaj kryesor dhe ndoshta nuk do ta identifikojn\u00eb vler\u00ebn e nj\u00eb lloji t\u00eb caktuar t\u00eb p\u00ebrmbajtjes ashtu si\u00e7 do ta identifikonte publiku dhe, sipas k\u00ebsaj, edhe reklamuesit tuaj.  <\/p>\n\n<p>N\u00eb p\u00ebrgjith\u00ebsi gazetar\u00ebt do t\u00eb pajtoheshin se kulmi i krijimtaris\u00eb se mediave \u00ebsht\u00eb gazetaria hulumtuese, e thell\u00eb, si dhe produksioni dokumentar. Mir\u00ebpo, realiteti \u00ebsht\u00eb se gazetaria e till\u00eb nuk i paguan faturat dhe do t\u055ai largoj\u00eb reklamuesit, posa\u00e7\u00ebrisht n\u00eb raste kur partneri politik ose i biznesit t\u00eb reklamuesit \u00ebsht\u00eb subjekt i hulumtimit tuaj. N\u00eb an\u00ebn tjet\u00ebr, produksioni i nivelit m\u00eb t\u00eb lart\u00eb \u00ebsht\u00eb nj\u00eb mjet i mir\u00eb p\u00ebr zhvillimin e besimit tek publiku i caktuar, dhe p\u00ebrve\u00e7 k\u00ebsaj \u00ebsht\u00eb edhe mjet p\u00ebr zhvillimin e nj\u00eb brendi t\u00eb fort\u00eb, q\u00eb n\u00eb fund do t\u00eb paguhet edhe me nj\u00eb sasi t\u00eb caktuar t\u00eb p\u00ebrmbajtjeve t\u00eb thjeshta dhe t\u00eb p\u00ebrditshme q\u00eb p\u00ebr shum\u00eb gazetar\u00eb nuk \u00ebsht\u00eb interesante. <\/p>\n\n<figure class=\"wp-block-image size-large\"><img decoding=\"async\" width=\"1024\" height=\"506\" src=\"https:\/\/journalift.org\/wp-content\/uploads\/2021\/06\/04-Anketirajt-svoju-publiku-1024x506.png\" alt=\"B&#xEB;ni anketimin e publikut tuaj\" class=\"wp-image-6286\" srcset=\"https:\/\/journalift.org\/wp-content\/uploads\/2021\/06\/04-Anketirajt-svoju-publiku-1024x506.png 1024w, https:\/\/journalift.org\/wp-content\/uploads\/2021\/06\/04-Anketirajt-svoju-publiku-300x148.png 300w, https:\/\/journalift.org\/wp-content\/uploads\/2021\/06\/04-Anketirajt-svoju-publiku-768x379.png 768w, https:\/\/journalift.org\/wp-content\/uploads\/2021\/06\/04-Anketirajt-svoju-publiku.png 1280w\" sizes=\"(max-width: 1024px) 100vw, 1024px\" \/><\/figure>\n\n<ol class=\"wp-block-list\" start=\"3\"><li><strong>B\u00ebni anketimin e publikut tuaj<\/strong><\/li><\/ol>\n\n<p>Anketimet q\u00eb ju jepen agjencive t\u00eb marketingut kushtojn\u00eb shum\u00eb dhe nuk jan\u00eb gjithmon\u00eb t\u00eb realizueshme, por zgjedhja ekziston \u2013 mund t\u00eb p\u00ebrdorni kanalet tjera: nga anketimet e thjeshta n\u00eb rrjete shoq\u00ebrore, p\u00ebrmes analiz\u00ebs s\u00eb detajuar t\u00eb t\u00eb dh\u00ebnave q\u00eb ju ofrojn\u00eb kanalet digjitale t\u00eb komunikimit, e deri tek fokus grupet e brendshme me nj\u00eb kampion relativisht p\u00ebrfaq\u00ebsues p\u00ebr publikun tuaj t\u00eb caktuar. <\/p>\n\n<p>Ekzistojn\u00eb mjetet e ndryshme p\u00ebrmes t\u00eb cilave mund t\u00eb zhvilloni sondazhe n\u00eb rrjete shoq\u00ebrore, si\u00e7 jan\u00eb anketimet p\u00ebrmes Instagram Story, duke b\u00ebr\u00eb pyetje publikut tuaj n\u00eb Facebook, pyetje me disa p\u00ebrgjigje t\u00eb ofruara n\u00eb tweet dhe sondazhet (polls) n\u00eb grupe n\u00eb Facebook-ut. <\/p>\n\n<p><span style=\"font-weight: 400;\">Kur planifikoni futjen e nj\u00eb programi ose kanali t\u00eb ri, \u00ebsht\u00eb me r\u00ebnd\u00ebsi q\u00eb ta dini \u00e7far\u00eb madh\u00ebsie, \u00e7far\u00eb demografie dhe \u00e7far\u00eb fuqie bler\u00ebse ka publiku juaj i ri. Ky vler\u00ebsim do t\u00eb ju nevojitet p\u00ebr finalizimin e projektit nga perspektiva editoriale dhe n\u00eb rastin e kalimit n\u00eb hapin e radh\u00ebs. Do t\u00eb nevojitet zbatimi i matjes kuantitative dhe kualitative. Parimisht duhet q\u00eb mb\u00ebshtetjen tek t\u00eb dh\u00ebnat ta b\u00ebni pjes\u00eb t\u00eb kultur\u00ebs t\u00eb ekipit tuaj, duke u kujdesur q\u00eb krijimi i p\u00ebrmbajtjes bazohet mbi analiz\u00ebn e angazhimit t\u00eb publikut n\u00eb platforma t\u00eb ndryshme p\u00ebr shp\u00ebrndarje t\u00eb p\u00ebrmbajtjes. P\u00ebr analiz\u00ebn <strong>kuantitative pik\u00ebnisja<\/strong> m\u00eb e mir\u00eb \u00ebsht\u00eb qasja organike (<i>reach<\/i>) i kanaleve tuaja digjitale. <\/span><\/p>\n\n<figure class=\"wp-block-pullquote\"><blockquote><p><span style=\"font-weight: 400;\">\u00a0P\u00ebr identifikimin e mund\u00ebsive p\u00ebr rritje, analiz\u00ebn e detajuar t\u00eb t\u00eb dh\u00ebnave tuaja dhe shfryt\u00ebzimin e faqes suaj t\u00eb internetit, si nj\u00eb laborator p\u00ebr rritje, mund t\u00eb m\u00ebsoni shum\u00eb nga <\/span><a href=\"https:\/\/thomsonfoundation.edcastcloud.com\/learn\/digital-media-audience-engagement-self-paced\/?locale=en\"><span style=\"font-weight: 400;\">ky kurs i shk\u00eblqyer onlajn<\/span><\/a><span style=\"font-weight: 400;\"> t\u00eb cilin e ka zhvilluar eksperti i nivelit m\u00eb t\u00eb lart\u00eb t\u00eb k\u00ebsaj fushe <\/span><i><span style=\"font-weight: 400;\">Thomson Foundation<\/span><\/i><span style=\"font-weight: 400;\"> (kursi \u00ebsht\u00eb falas, regjistrimi \u00ebsht\u00eb i obliguesh\u00ebm).<\/span><\/p><\/blockquote><\/figure>\n\n<p><span style=\"font-weight: 400;\">P\u00ebr <strong>pjes\u00ebn kualitative<\/strong>, ju nevojiten reagimet e publikut. P\u00ebrve\u00e7 anketimit n\u00eb rrjete sociale, p\u00ebr t\u055ai kuptuar reagimet e publikut m\u00eb s\u00eb miri \u00ebsht\u00eb t\u00eb p\u00ebrcillen diskutimet brenda fokus grupeve. P\u00ebr k\u00ebt\u00eb arsye me ju po e ndaj nj\u00eb udh\u00ebrr\u00ebfyes shum\u00eb t\u00eb thjesht\u00eb t\u00eb Fondit p\u00ebr demokraci <\/span><i><span style=\"font-weight: 400;\">Dodge Foundation <\/span><\/i><a href=\"https:\/\/localnewslab.org\/\/home2\/journaliftx2\/public_html\/wp-content\/uploads\/2018\/02\/LNL-Guide-Focus-Groups_2017June20.pdf\"><span style=\"font-weight: 400;\">se si t\u00eb organizoni ju vet\u00eb nj\u00eb fokus grup p\u00ebr redaksin\u00eb tuaj<\/span><\/a><span style=\"font-weight: 400;\">. Mbajeni n\u00eb m\u00ebnd se udh\u00ebheqja e fokus grupeve n\u00eb koh\u00ebn e koronavirusit \u00ebsht\u00eb pak m\u00eb e nd\u00ebrlikuar, por jo edhe e pamundur. \u00cbsht\u00eb me r\u00ebnd\u00ebsi q\u00eb t\u00eb siguroni pjes\u00ebmarrjen aktive online, dhe kjo mund t\u00eb arrihet me nj\u00eb kompensim t\u00eb vog\u00ebl financiar, me qasjen n\u00eb p\u00ebrmbajtjen premium n\u00eb portalin tuaj, ose dobit\u00eb tjera q\u00eb organizata juaj e medias mund t\u00eb siguroj\u00eb p\u00ebrmes sponsor\u00ebve.<\/span><\/p>\n\n<figure class=\"wp-block-image size-large\"><img decoding=\"async\" width=\"1024\" height=\"506\" src=\"https:\/\/journalift.org\/wp-content\/uploads\/2021\/06\/05-Obavite-neformalne-razgovore-sa-oglasivacima-1024x506.png\" alt=\"B&#xEB;ni biseda joformale me reklamuesit\" class=\"wp-image-6290\" srcset=\"https:\/\/journalift.org\/wp-content\/uploads\/2021\/06\/05-Obavite-neformalne-razgovore-sa-oglasivacima-1024x506.png 1024w, https:\/\/journalift.org\/wp-content\/uploads\/2021\/06\/05-Obavite-neformalne-razgovore-sa-oglasivacima-300x148.png 300w, https:\/\/journalift.org\/wp-content\/uploads\/2021\/06\/05-Obavite-neformalne-razgovore-sa-oglasivacima-768x379.png 768w, https:\/\/journalift.org\/wp-content\/uploads\/2021\/06\/05-Obavite-neformalne-razgovore-sa-oglasivacima.png 1280w\" sizes=\"(max-width: 1024px) 100vw, 1024px\" \/><\/figure>\n\n<ol class=\"wp-block-list\" start=\"4\"><li><strong>B\u00ebni biseda joformale me reklamuesit<\/strong><\/li><\/ol>\n\n<p><span style=\"font-weight: 400;\">N\u00eb tregje m\u00eb t\u00eb vogla \u00ebsht\u00eb me r\u00ebnd\u00ebsi t\u00eb p\u00ebrcaktohet se kush jan\u00eb reklamuesit potencial t\u00eb produktit t\u00eb ri t\u00eb medias, dhe pasi ta b\u00ebni k\u00ebt\u00eb, ju mund t\u00eb m\u00ebsoni n\u00eb <\/span><a href=\"https:\/\/thomsonfoundation.edcastcloud.com\/learn\/biznis-modeli-i-modeli-monetizacije-za-medije-self-paced\"><span style=\"font-weight: 400;\">k\u00ebt\u00eb kurs online<\/span><\/a><span style=\"font-weight: 400;\"> p\u00ebr modelet e biznesit dhe modelet e monetarizimit. Pas p\u00ebrcaktimit se kush jan\u00eb reklamuesit potencial, do t\u00eb ishte mir\u00eb t\u00eb flisni me ta p\u00ebr t\u00eb p\u00ebrcaktuar se sa n\u00eb fakt mund t\u00eb shpenzojn\u00eb p\u00ebr reklama n\u00eb kanalin tuaj. ve\u00e7an\u00ebrisht p\u00ebr prodhimin n\u00eb fjal\u00eb. <\/span><\/p>\n\n<p>Ia ku jan\u00eb disa nga pyetjet q\u00eb duhet t\u055aua shtroni:<\/p>\n\n<ul class=\"wp-block-list\"><li><i><span style=\"font-weight: 400;\">Cilat jan\u00eb problemet e tyre aktuale me shitjen dhe si planifikojn\u00eb ta rrisin at\u00eb<\/span><\/i><span style=\"font-weight: 400;\">?<\/span><\/li><li><i><span style=\"font-weight: 400;\">Si ndikon kriza aktuale tek ata dhe a mendojn\u00eb se aktivitetet drejt\u00eb rritjes s\u00eb vet\u00ebdijes mbi prodhimet dhe sh\u00ebrbimet e tyre n\u00eb treg do t\u00eb mund t\u00eb ju ndihmojn\u00eb? <\/span><\/i><\/li><li><i><span style=\"font-weight: 400;\">\u00c7far\u00eb presin n\u00eb aspektin e shitjes n\u00eb t\u00eb ardhmen e af\u00ebrt? <\/span><\/i><\/li><li><i><span style=\"font-weight: 400;\">A ekziston nj\u00eb segment i tregut t\u00eb tyre ku shpresojn\u00eb se do t\u00eb kan\u00eb rritje dhe q\u00eb duan ta arrijn\u00eb p\u00ebrmes reklamimit?<\/span><\/i><\/li><li><i><span style=\"font-weight: 400;\">A ekziston ndonj\u00eb gj\u00eb (q\u00eb p\u00ebrfshin\u00eb publikun me nj\u00eb fuqi specifike t\u00eb blerjes) q\u00eb ju mund t\u00eb ju ofroni?<\/span><\/i><\/li><li><i><span style=\"font-weight: 400;\">Sa jan\u00eb t\u00eb gatsh\u00ebm t\u00eb paguajn\u00eb dhe sa kan\u00eb n\u00eb fakt mund\u00ebsi t\u00eb paguajn\u00eb?<\/span><\/i><\/li><li><i><span style=\"font-weight: 400;\">Ndoshta duan nj\u00eb mund\u00ebsi t\u00eb testojn\u00eb prodhimin tuaj dhe pastaj t\u00eb vendosin t\u00eb paguajn\u00eb?<\/span><\/i><\/li><li><i><span style=\"font-weight: 400;\">Sa jan\u00eb t\u00eb gatsh\u00ebm t\u00eb paguajn\u00eb versionin testues dhe n\u00eb \u00e7far\u00eb baze do t\u00eb vendosin a duan t\u00eb vazhdojn\u00eb t\u00eb p\u00ebrdorin prodhimin\/sh\u00ebrbimin?<\/span><\/i><\/li><\/ul>\n\n<figure class=\"wp-block-image size-large\"><img loading=\"lazy\" decoding=\"async\" width=\"1024\" height=\"506\" src=\"https:\/\/journalift.org\/wp-content\/uploads\/2021\/06\/06-Istrazite-konkurenciju-1024x506.png\" alt=\"Studioni konkurrenc&#xEB;n\" class=\"wp-image-6294\" srcset=\"https:\/\/journalift.org\/wp-content\/uploads\/2021\/06\/06-Istrazite-konkurenciju-1024x506.png 1024w, https:\/\/journalift.org\/wp-content\/uploads\/2021\/06\/06-Istrazite-konkurenciju-300x148.png 300w, https:\/\/journalift.org\/wp-content\/uploads\/2021\/06\/06-Istrazite-konkurenciju-768x379.png 768w, https:\/\/journalift.org\/wp-content\/uploads\/2021\/06\/06-Istrazite-konkurenciju.png 1280w\" sizes=\"(max-width: 1024px) 100vw, 1024px\" \/><\/figure>\n\n<ol class=\"wp-block-list\" start=\"5\"><li><strong>Studioni konkurrenc\u00ebn<\/strong><\/li><\/ol>\n\n<p>P\u00ebrve\u00e7 gj\u00ebrave evidente, llojeve t\u00eb p\u00ebrmbajtjeve t\u00eb ngjashme dhe listave zyrtare t\u00eb \u00e7mimeve t\u00eb reklamimit, studioni pak m\u00eb thell\u00eb p\u00ebr t\u00eb m\u00ebsuar se sa, n\u00eb fakt, kushtojn\u00eb sh\u00ebrbimet e konkurrenc\u00ebs suaj. Miqt\u00eb n\u00eb industri (organizatat tjera \u00eb medias dhe reklamuesit) mund t\u00eb kan\u00eb informacione t\u00eb vlefshme, dhe p\u00ebrve\u00e7 k\u00ebsaj ka edhe qasje t\u00eb tjera \u2013 \u201cklient\u00ebt e fshehur\u201d jan\u00eb m\u00eb t\u00eb mir\u00ebt p\u00ebr tregjet e m\u00ebdha, kurse n\u00eb mjedise m\u00eb t\u00eb vogla rezultatet m\u00eb t\u00eb mira i japin insajderat. <\/p>\n\n<p>\u201cKlienti i fshehur\u201d \u00ebsht\u00eb dikush nga baza juaj e kontakteve q\u00eb pretendon se \u00ebsht\u00eb reklamuesi potencial dhe k\u00ebrkon nj\u00eb ofert\u00eb nga konkurrenca. Kjo funksionon n\u00eb tregje t\u00eb m\u00ebdha, ku mediat dhe reklamuesit nuk njihen nj\u00ebri me tjetrin, kurse insajderi \u00ebsht\u00eb pik\u00ebrisht si\u00e7 sugjeron edhe vet\u00eb fjala \u2013 dikush q\u00eb n\u00eb t\u00eb v\u00ebrtet\u00eb punon p\u00ebr konkurrenc\u00ebn ose bashk\u00ebpunon me ata, por \u00ebsht\u00eb i gatsh\u00ebm q\u00eb t\u00eb ndaj\u00eb informacione. <\/p>\n\n<figure class=\"wp-block-pullquote\"><blockquote><p>Si\u00e7 kemi p\u00ebrmendur n\u00eb fillim, matja e shum\u00eb tregjeve t\u00eb vogla \u00ebsht\u00eb rezultat i vler\u00ebsimit. Mir\u00ebpo, ekziston dallimi midis vler\u00ebsimit dhe vler\u00ebsimit t\u00eb informuar (educated guess) q\u00eb bazohet tek mbi informacionet e caktuara dhe supozimet e kontrolluara. <\/p><\/blockquote><\/figure>\n\n<p><span style=\"font-weight: 400;\"><strong>Vler\u00ebsimi<\/strong> del nga ndjenja juaj e bazuar tek p\u00ebrvoja e fituar n\u00eb pun\u00eb, dhe gjithmon\u00eb \u00ebsht\u00eb pik\u00ebnisje e mir\u00eb. N\u00eb an\u00ebn tjet\u00ebr, <strong>vler\u00ebsimi i informuar<\/strong> \u00ebsht\u00eb nj\u00eb vler\u00ebsim i korrigjuar n\u00eb baz\u00eb t\u00eb informacionit dhe njohurive tek t\u00eb cilat keni ardhur duke i p\u00ebrdorur metodat t\u00eb ngjashme me ato p\u00ebr t\u00eb cilat kemi shkruar, dhe ofron nj\u00eb parashikim m\u00eb preciz t\u00eb suksesit potencial t\u00eb ides\u00eb suaj. <strong>Vler\u00ebsimi i tregut tuaj t\u00eb medias do t\u00eb vij\u00eb i pari, kurse vler\u00ebsimin e informuar e merrni n\u00eb fund t\u00eb k\u00ebtij procesi. <\/strong><\/span><\/p>\n","protected":false},"excerpt":{"rendered":"<p>Organizatat e mediave q\u00eb veprojn\u00eb n\u00eb tregje me infrastruktur\u00eb t\u00eb fort\u00eb mund t\u00eb mb\u00ebshtet\u00ebn n\u00eb qasje t\u00eb thjesht\u00eb tek t\u00eb dh\u00ebnat e tregut. K\u00ebto organizata v\u00ebshtir\u00eb se mund t\u00eb paramendojn\u00eb investimin n\u00eb nj\u00eb kanal t\u00eb ri apo zhvillimin e prodhimeve t\u00eb reja pa nj\u00eb analiz\u00eb thelb\u00ebsore t\u00eb biznesit e cila n\u00ebnkupton analiz\u00ebn e detajuar t\u00eb [&hellip;]<\/p>\n","protected":false},"author":24,"featured_media":6275,"comment_status":"open","ping_status":"open","sticky":false,"template":"","format":"standard","meta":{"_acf_changed":false,"site-sidebar-layout":"default","site-content-layout":"default","ast-site-content-layout":"default","site-content-style":"default","site-sidebar-style":"default","ast-global-header-display":"","ast-banner-title-visibility":"","ast-main-header-display":"","ast-hfb-above-header-display":"","ast-hfb-below-header-display":"","ast-hfb-mobile-header-display":"","site-post-title":"","ast-breadcrumbs-content":"","ast-featured-img":"","footer-sml-layout":"","ast-disable-related-posts":"","theme-transparent-header-meta":"default","adv-header-id-meta":"","stick-header-meta":"","header-above-stick-meta":"","header-main-stick-meta":"","header-below-stick-meta":"","astra-migrate-meta-layouts":"default","ast-page-background-enabled":"default","ast-page-background-meta":{"desktop":{"background-color":"","background-image":"","background-repeat":"repeat","background-position":"center center","background-size":"auto","background-attachment":"scroll","background-type":"","background-media":"","overlay-type":"","overlay-color":"","overlay-opacity":"","overlay-gradient":""},"tablet":{"background-color":"","background-image":"","background-repeat":"repeat","background-position":"center center","background-size":"auto","background-attachment":"scroll","background-type":"","background-media":"","overlay-type":"","overlay-color":"","overlay-opacity":"","overlay-gradient":""},"mobile":{"background-color":"","background-image":"","background-repeat":"repeat","background-position":"center center","background-size":"auto","background-attachment":"scroll","background-type":"","background-media":"","overlay-type":"","overlay-color":"","overlay-opacity":"","overlay-gradient":""}},"ast-content-background-meta":{"desktop":{"background-color":"var(--ast-global-color-5)","background-image":"","background-repeat":"repeat","background-position":"center center","background-size":"auto","background-attachment":"scroll","background-type":"","background-media":"","overlay-type":"","overlay-color":"","overlay-opacity":"","overlay-gradient":""},"tablet":{"background-color":"var(--ast-global-color-5)","background-image":"","background-repeat":"repeat","background-position":"center center","background-size":"auto","background-attachment":"scroll","background-type":"","background-media":"","overlay-type":"","overlay-color":"","overlay-opacity":"","overlay-gradient":""},"mobile":{"background-color":"var(--ast-global-color-5)","background-image":"","background-repeat":"repeat","background-position":"center center","background-size":"auto","background-attachment":"scroll","background-type":"","background-media":"","overlay-type":"","overlay-color":"","overlay-opacity":"","overlay-gradient":""}},"footnotes":""},"categories":[29,101,99],"tags":[],"class_list":["post-6304","post","type-post","status-publish","format-standard","has-post-thumbnail","hentry","category-manaxhimi-dhe-organizmi-sq","category-raportimin-dixhital-sq","category-zhvillimin-e-biznesit-sq","ciTrackContent"],"acf":[],"yoast_head":"<!-- This site is optimized with the Yoast SEO plugin v27.4 - https:\/\/yoast.com\/product\/yoast-seo-wordpress\/ -->\n<title>Matja e tregut: kalimi nga vler\u00ebsimet e p\u00ebraf\u00ebrta tek ato t\u00eb informuara - Journalift<\/title>\n<meta name=\"robots\" content=\"index, follow, max-snippet:-1, max-image-preview:large, max-video-preview:-1\" \/>\n<link rel=\"canonical\" href=\"https:\/\/journalift.org\/sq\/matja-e-tregut-kalimi-nga-vleresimet-e-peraferta-tek-ato-te-informuara\/\" \/>\n<meta property=\"og:locale\" content=\"sq_AL\" \/>\n<meta property=\"og:type\" content=\"article\" \/>\n<meta property=\"og:title\" content=\"Matja e tregut: kalimi nga vler\u00ebsimet e p\u00ebraf\u00ebrta tek ato t\u00eb informuara - Journalift\" \/>\n<meta property=\"og:description\" content=\"Organizatat e mediave q\u00eb veprojn\u00eb n\u00eb tregje me infrastruktur\u00eb t\u00eb fort\u00eb mund t\u00eb mb\u00ebshtet\u00ebn n\u00eb qasje t\u00eb thjesht\u00eb tek t\u00eb dh\u00ebnat e tregut. K\u00ebto organizata v\u00ebshtir\u00eb se mund t\u00eb paramendojn\u00eb investimin n\u00eb nj\u00eb kanal t\u00eb ri apo zhvillimin e prodhimeve t\u00eb reja pa nj\u00eb analiz\u00eb thelb\u00ebsore t\u00eb biznesit e cila n\u00ebnkupton analiz\u00ebn e detajuar t\u00eb [&hellip;]\" \/>\n<meta property=\"og:url\" content=\"https:\/\/journalift.org\/sq\/matja-e-tregut-kalimi-nga-vleresimet-e-peraferta-tek-ato-te-informuara\/\" \/>\n<meta property=\"og:site_name\" content=\"Journalift\" \/>\n<meta property=\"article:published_time\" content=\"2021-06-11T11:45:19+00:00\" \/>\n<meta property=\"article:modified_time\" content=\"2021-07-01T13:14:23+00:00\" \/>\n<meta property=\"og:image\" content=\"https:\/\/journalift.org\/wp-content\/uploads\/2021\/06\/01-Mjerenje-trzista-Prelazak-sa-grube-na-informisane-procjene.png\" \/>\n\t<meta property=\"og:image:width\" content=\"1920\" \/>\n\t<meta property=\"og:image:height\" content=\"632\" \/>\n\t<meta property=\"og:image:type\" content=\"image\/png\" \/>\n<meta name=\"author\" content=\"Petko Georgiev\" \/>\n<meta name=\"twitter:card\" content=\"summary_large_image\" \/>\n<meta name=\"twitter:label1\" content=\"Written by\" \/>\n\t<meta name=\"twitter:data1\" content=\"Petko Georgiev\" \/>\n\t<meta name=\"twitter:label2\" content=\"Est. reading time\" \/>\n\t<meta name=\"twitter:data2\" content=\"9 minutes\" \/>\n<script type=\"application\/ld+json\" class=\"yoast-schema-graph\">{\"@context\":\"https:\\\/\\\/schema.org\",\"@graph\":[{\"@type\":\"Article\",\"@id\":\"https:\\\/\\\/journalift.org\\\/sq\\\/matja-e-tregut-kalimi-nga-vleresimet-e-peraferta-tek-ato-te-informuara\\\/#article\",\"isPartOf\":{\"@id\":\"https:\\\/\\\/journalift.org\\\/sq\\\/matja-e-tregut-kalimi-nga-vleresimet-e-peraferta-tek-ato-te-informuara\\\/\"},\"author\":{\"name\":\"Petko Georgiev\",\"@id\":\"https:\\\/\\\/journalift.org\\\/sq\\\/#\\\/schema\\\/person\\\/1463a8bc56f60a6f9811cb832efb239b\"},\"headline\":\"Matja e tregut: kalimi nga vler\u00ebsimet e p\u00ebraf\u00ebrta tek ato t\u00eb informuara\",\"datePublished\":\"2021-06-11T11:45:19+00:00\",\"dateModified\":\"2021-07-01T13:14:23+00:00\",\"mainEntityOfPage\":{\"@id\":\"https:\\\/\\\/journalift.org\\\/sq\\\/matja-e-tregut-kalimi-nga-vleresimet-e-peraferta-tek-ato-te-informuara\\\/\"},\"wordCount\":1904,\"commentCount\":0,\"publisher\":{\"@id\":\"https:\\\/\\\/journalift.org\\\/sq\\\/#organization\"},\"image\":{\"@id\":\"https:\\\/\\\/journalift.org\\\/sq\\\/matja-e-tregut-kalimi-nga-vleresimet-e-peraferta-tek-ato-te-informuara\\\/#primaryimage\"},\"thumbnailUrl\":\"https:\\\/\\\/journalift.org\\\/wp-content\\\/uploads\\\/2021\\\/06\\\/01-Mjerenje-trzista-Prelazak-sa-grube-na-informisane-procjene.png\",\"articleSection\":[\"Manaxhimi dhe organizmi\",\"Raportimin Dixhital\",\"Zhvillimin e Biznesit\"],\"inLanguage\":\"sq-AL\",\"potentialAction\":[{\"@type\":\"CommentAction\",\"name\":\"Comment\",\"target\":[\"https:\\\/\\\/journalift.org\\\/sq\\\/matja-e-tregut-kalimi-nga-vleresimet-e-peraferta-tek-ato-te-informuara\\\/#respond\"]}]},{\"@type\":\"WebPage\",\"@id\":\"https:\\\/\\\/journalift.org\\\/sq\\\/matja-e-tregut-kalimi-nga-vleresimet-e-peraferta-tek-ato-te-informuara\\\/\",\"url\":\"https:\\\/\\\/journalift.org\\\/sq\\\/matja-e-tregut-kalimi-nga-vleresimet-e-peraferta-tek-ato-te-informuara\\\/\",\"name\":\"Matja e tregut: kalimi nga vler\u00ebsimet e p\u00ebraf\u00ebrta tek ato t\u00eb informuara - Journalift\",\"isPartOf\":{\"@id\":\"https:\\\/\\\/journalift.org\\\/sq\\\/#website\"},\"primaryImageOfPage\":{\"@id\":\"https:\\\/\\\/journalift.org\\\/sq\\\/matja-e-tregut-kalimi-nga-vleresimet-e-peraferta-tek-ato-te-informuara\\\/#primaryimage\"},\"image\":{\"@id\":\"https:\\\/\\\/journalift.org\\\/sq\\\/matja-e-tregut-kalimi-nga-vleresimet-e-peraferta-tek-ato-te-informuara\\\/#primaryimage\"},\"thumbnailUrl\":\"https:\\\/\\\/journalift.org\\\/wp-content\\\/uploads\\\/2021\\\/06\\\/01-Mjerenje-trzista-Prelazak-sa-grube-na-informisane-procjene.png\",\"datePublished\":\"2021-06-11T11:45:19+00:00\",\"dateModified\":\"2021-07-01T13:14:23+00:00\",\"breadcrumb\":{\"@id\":\"https:\\\/\\\/journalift.org\\\/sq\\\/matja-e-tregut-kalimi-nga-vleresimet-e-peraferta-tek-ato-te-informuara\\\/#breadcrumb\"},\"inLanguage\":\"sq-AL\",\"potentialAction\":[{\"@type\":\"ReadAction\",\"target\":[\"https:\\\/\\\/journalift.org\\\/sq\\\/matja-e-tregut-kalimi-nga-vleresimet-e-peraferta-tek-ato-te-informuara\\\/\"]}]},{\"@type\":\"ImageObject\",\"inLanguage\":\"sq-AL\",\"@id\":\"https:\\\/\\\/journalift.org\\\/sq\\\/matja-e-tregut-kalimi-nga-vleresimet-e-peraferta-tek-ato-te-informuara\\\/#primaryimage\",\"url\":\"https:\\\/\\\/journalift.org\\\/wp-content\\\/uploads\\\/2021\\\/06\\\/01-Mjerenje-trzista-Prelazak-sa-grube-na-informisane-procjene.png\",\"contentUrl\":\"https:\\\/\\\/journalift.org\\\/wp-content\\\/uploads\\\/2021\\\/06\\\/01-Mjerenje-trzista-Prelazak-sa-grube-na-informisane-procjene.png\",\"width\":1920,\"height\":632,\"caption\":\"Mjerenje-trzista-Prelazak-sa-grube-na-informisane-procjene.\"},{\"@type\":\"BreadcrumbList\",\"@id\":\"https:\\\/\\\/journalift.org\\\/sq\\\/matja-e-tregut-kalimi-nga-vleresimet-e-peraferta-tek-ato-te-informuara\\\/#breadcrumb\",\"itemListElement\":[{\"@type\":\"ListItem\",\"position\":1,\"name\":\"Home\",\"item\":\"https:\\\/\\\/journalift.org\\\/sq\\\/\"},{\"@type\":\"ListItem\",\"position\":2,\"name\":\"Matja e tregut: kalimi nga vler\u00ebsimet e p\u00ebraf\u00ebrta tek ato t\u00eb informuara\"}]},{\"@type\":\"WebSite\",\"@id\":\"https:\\\/\\\/journalift.org\\\/sq\\\/#website\",\"url\":\"https:\\\/\\\/journalift.org\\\/sq\\\/\",\"name\":\"Journalift\",\"description\":\"Journalift\",\"publisher\":{\"@id\":\"https:\\\/\\\/journalift.org\\\/sq\\\/#organization\"},\"potentialAction\":[{\"@type\":\"SearchAction\",\"target\":{\"@type\":\"EntryPoint\",\"urlTemplate\":\"https:\\\/\\\/journalift.org\\\/sq\\\/?s={search_term_string}\"},\"query-input\":{\"@type\":\"PropertyValueSpecification\",\"valueRequired\":true,\"valueName\":\"search_term_string\"}}],\"inLanguage\":\"sq-AL\"},{\"@type\":\"Organization\",\"@id\":\"https:\\\/\\\/journalift.org\\\/sq\\\/#organization\",\"name\":\"Journalift\",\"url\":\"https:\\\/\\\/journalift.org\\\/sq\\\/\",\"logo\":{\"@type\":\"ImageObject\",\"inLanguage\":\"sq-AL\",\"@id\":\"https:\\\/\\\/journalift.org\\\/sq\\\/#\\\/schema\\\/logo\\\/image\\\/\",\"url\":\"https:\\\/\\\/journalift.org\\\/wp-content\\\/uploads\\\/2021\\\/04\\\/Journalift-negative.png\",\"contentUrl\":\"https:\\\/\\\/journalift.org\\\/wp-content\\\/uploads\\\/2021\\\/04\\\/Journalift-negative.png\",\"width\":327,\"height\":104,\"caption\":\"Journalift\"},\"image\":{\"@id\":\"https:\\\/\\\/journalift.org\\\/sq\\\/#\\\/schema\\\/logo\\\/image\\\/\"}},{\"@type\":\"Person\",\"@id\":\"https:\\\/\\\/journalift.org\\\/sq\\\/#\\\/schema\\\/person\\\/1463a8bc56f60a6f9811cb832efb239b\",\"name\":\"Petko Georgiev\",\"image\":{\"@type\":\"ImageObject\",\"inLanguage\":\"sq-AL\",\"@id\":\"https:\\\/\\\/secure.gravatar.com\\\/avatar\\\/bfedfad75dc89625cfce7791d9fe63f4b4d61128ce30749d46db7e26baf9ce61?s=96&d=mm&r=g\",\"url\":\"https:\\\/\\\/secure.gravatar.com\\\/avatar\\\/bfedfad75dc89625cfce7791d9fe63f4b4d61128ce30749d46db7e26baf9ce61?s=96&d=mm&r=g\",\"contentUrl\":\"https:\\\/\\\/secure.gravatar.com\\\/avatar\\\/bfedfad75dc89625cfce7791d9fe63f4b4d61128ce30749d46db7e26baf9ce61?s=96&d=mm&r=g\",\"caption\":\"Petko Georgiev\"},\"url\":\"https:\\\/\\\/journalift.org\\\/sq\\\/author\\\/petko-georgiev\\\/\"}]}<\/script>\n<!-- \/ Yoast SEO plugin. -->","yoast_head_json":{"title":"Matja e tregut: kalimi nga vler\u00ebsimet e p\u00ebraf\u00ebrta tek ato t\u00eb informuara - Journalift","robots":{"index":"index","follow":"follow","max-snippet":"max-snippet:-1","max-image-preview":"max-image-preview:large","max-video-preview":"max-video-preview:-1"},"canonical":"https:\/\/journalift.org\/sq\/matja-e-tregut-kalimi-nga-vleresimet-e-peraferta-tek-ato-te-informuara\/","og_locale":"sq_AL","og_type":"article","og_title":"Matja e tregut: kalimi nga vler\u00ebsimet e p\u00ebraf\u00ebrta tek ato t\u00eb informuara - Journalift","og_description":"Organizatat e mediave q\u00eb veprojn\u00eb n\u00eb tregje me infrastruktur\u00eb t\u00eb fort\u00eb mund t\u00eb mb\u00ebshtet\u00ebn n\u00eb qasje t\u00eb thjesht\u00eb tek t\u00eb dh\u00ebnat e tregut. K\u00ebto organizata v\u00ebshtir\u00eb se mund t\u00eb paramendojn\u00eb investimin n\u00eb nj\u00eb kanal t\u00eb ri apo zhvillimin e prodhimeve t\u00eb reja pa nj\u00eb analiz\u00eb thelb\u00ebsore t\u00eb biznesit e cila n\u00ebnkupton analiz\u00ebn e detajuar t\u00eb [&hellip;]","og_url":"https:\/\/journalift.org\/sq\/matja-e-tregut-kalimi-nga-vleresimet-e-peraferta-tek-ato-te-informuara\/","og_site_name":"Journalift","article_published_time":"2021-06-11T11:45:19+00:00","article_modified_time":"2021-07-01T13:14:23+00:00","og_image":[{"width":1920,"height":632,"url":"https:\/\/journalift.org\/wp-content\/uploads\/2021\/06\/01-Mjerenje-trzista-Prelazak-sa-grube-na-informisane-procjene.png","type":"image\/png"}],"author":"Petko Georgiev","twitter_card":"summary_large_image","twitter_misc":{"Written by":"Petko Georgiev","Est. reading time":"9 minutes"},"schema":{"@context":"https:\/\/schema.org","@graph":[{"@type":"Article","@id":"https:\/\/journalift.org\/sq\/matja-e-tregut-kalimi-nga-vleresimet-e-peraferta-tek-ato-te-informuara\/#article","isPartOf":{"@id":"https:\/\/journalift.org\/sq\/matja-e-tregut-kalimi-nga-vleresimet-e-peraferta-tek-ato-te-informuara\/"},"author":{"name":"Petko Georgiev","@id":"https:\/\/journalift.org\/sq\/#\/schema\/person\/1463a8bc56f60a6f9811cb832efb239b"},"headline":"Matja e tregut: kalimi nga vler\u00ebsimet e p\u00ebraf\u00ebrta tek ato t\u00eb informuara","datePublished":"2021-06-11T11:45:19+00:00","dateModified":"2021-07-01T13:14:23+00:00","mainEntityOfPage":{"@id":"https:\/\/journalift.org\/sq\/matja-e-tregut-kalimi-nga-vleresimet-e-peraferta-tek-ato-te-informuara\/"},"wordCount":1904,"commentCount":0,"publisher":{"@id":"https:\/\/journalift.org\/sq\/#organization"},"image":{"@id":"https:\/\/journalift.org\/sq\/matja-e-tregut-kalimi-nga-vleresimet-e-peraferta-tek-ato-te-informuara\/#primaryimage"},"thumbnailUrl":"https:\/\/journalift.org\/wp-content\/uploads\/2021\/06\/01-Mjerenje-trzista-Prelazak-sa-grube-na-informisane-procjene.png","articleSection":["Manaxhimi dhe organizmi","Raportimin Dixhital","Zhvillimin e Biznesit"],"inLanguage":"sq-AL","potentialAction":[{"@type":"CommentAction","name":"Comment","target":["https:\/\/journalift.org\/sq\/matja-e-tregut-kalimi-nga-vleresimet-e-peraferta-tek-ato-te-informuara\/#respond"]}]},{"@type":"WebPage","@id":"https:\/\/journalift.org\/sq\/matja-e-tregut-kalimi-nga-vleresimet-e-peraferta-tek-ato-te-informuara\/","url":"https:\/\/journalift.org\/sq\/matja-e-tregut-kalimi-nga-vleresimet-e-peraferta-tek-ato-te-informuara\/","name":"Matja e tregut: kalimi nga vler\u00ebsimet e p\u00ebraf\u00ebrta tek ato t\u00eb informuara - Journalift","isPartOf":{"@id":"https:\/\/journalift.org\/sq\/#website"},"primaryImageOfPage":{"@id":"https:\/\/journalift.org\/sq\/matja-e-tregut-kalimi-nga-vleresimet-e-peraferta-tek-ato-te-informuara\/#primaryimage"},"image":{"@id":"https:\/\/journalift.org\/sq\/matja-e-tregut-kalimi-nga-vleresimet-e-peraferta-tek-ato-te-informuara\/#primaryimage"},"thumbnailUrl":"https:\/\/journalift.org\/wp-content\/uploads\/2021\/06\/01-Mjerenje-trzista-Prelazak-sa-grube-na-informisane-procjene.png","datePublished":"2021-06-11T11:45:19+00:00","dateModified":"2021-07-01T13:14:23+00:00","breadcrumb":{"@id":"https:\/\/journalift.org\/sq\/matja-e-tregut-kalimi-nga-vleresimet-e-peraferta-tek-ato-te-informuara\/#breadcrumb"},"inLanguage":"sq-AL","potentialAction":[{"@type":"ReadAction","target":["https:\/\/journalift.org\/sq\/matja-e-tregut-kalimi-nga-vleresimet-e-peraferta-tek-ato-te-informuara\/"]}]},{"@type":"ImageObject","inLanguage":"sq-AL","@id":"https:\/\/journalift.org\/sq\/matja-e-tregut-kalimi-nga-vleresimet-e-peraferta-tek-ato-te-informuara\/#primaryimage","url":"https:\/\/journalift.org\/wp-content\/uploads\/2021\/06\/01-Mjerenje-trzista-Prelazak-sa-grube-na-informisane-procjene.png","contentUrl":"https:\/\/journalift.org\/wp-content\/uploads\/2021\/06\/01-Mjerenje-trzista-Prelazak-sa-grube-na-informisane-procjene.png","width":1920,"height":632,"caption":"Mjerenje-trzista-Prelazak-sa-grube-na-informisane-procjene."},{"@type":"BreadcrumbList","@id":"https:\/\/journalift.org\/sq\/matja-e-tregut-kalimi-nga-vleresimet-e-peraferta-tek-ato-te-informuara\/#breadcrumb","itemListElement":[{"@type":"ListItem","position":1,"name":"Home","item":"https:\/\/journalift.org\/sq\/"},{"@type":"ListItem","position":2,"name":"Matja e tregut: kalimi nga vler\u00ebsimet e p\u00ebraf\u00ebrta tek ato t\u00eb informuara"}]},{"@type":"WebSite","@id":"https:\/\/journalift.org\/sq\/#website","url":"https:\/\/journalift.org\/sq\/","name":"Journalift","description":"Journalift","publisher":{"@id":"https:\/\/journalift.org\/sq\/#organization"},"potentialAction":[{"@type":"SearchAction","target":{"@type":"EntryPoint","urlTemplate":"https:\/\/journalift.org\/sq\/?s={search_term_string}"},"query-input":{"@type":"PropertyValueSpecification","valueRequired":true,"valueName":"search_term_string"}}],"inLanguage":"sq-AL"},{"@type":"Organization","@id":"https:\/\/journalift.org\/sq\/#organization","name":"Journalift","url":"https:\/\/journalift.org\/sq\/","logo":{"@type":"ImageObject","inLanguage":"sq-AL","@id":"https:\/\/journalift.org\/sq\/#\/schema\/logo\/image\/","url":"https:\/\/journalift.org\/wp-content\/uploads\/2021\/04\/Journalift-negative.png","contentUrl":"https:\/\/journalift.org\/wp-content\/uploads\/2021\/04\/Journalift-negative.png","width":327,"height":104,"caption":"Journalift"},"image":{"@id":"https:\/\/journalift.org\/sq\/#\/schema\/logo\/image\/"}},{"@type":"Person","@id":"https:\/\/journalift.org\/sq\/#\/schema\/person\/1463a8bc56f60a6f9811cb832efb239b","name":"Petko Georgiev","image":{"@type":"ImageObject","inLanguage":"sq-AL","@id":"https:\/\/secure.gravatar.com\/avatar\/bfedfad75dc89625cfce7791d9fe63f4b4d61128ce30749d46db7e26baf9ce61?s=96&d=mm&r=g","url":"https:\/\/secure.gravatar.com\/avatar\/bfedfad75dc89625cfce7791d9fe63f4b4d61128ce30749d46db7e26baf9ce61?s=96&d=mm&r=g","contentUrl":"https:\/\/secure.gravatar.com\/avatar\/bfedfad75dc89625cfce7791d9fe63f4b4d61128ce30749d46db7e26baf9ce61?s=96&d=mm&r=g","caption":"Petko Georgiev"},"url":"https:\/\/journalift.org\/sq\/author\/petko-georgiev\/"}]}},"_links":{"self":[{"href":"https:\/\/journalift.org\/sq\/wp-json\/wp\/v2\/posts\/6304","targetHints":{"allow":["GET"]}}],"collection":[{"href":"https:\/\/journalift.org\/sq\/wp-json\/wp\/v2\/posts"}],"about":[{"href":"https:\/\/journalift.org\/sq\/wp-json\/wp\/v2\/types\/post"}],"author":[{"embeddable":true,"href":"https:\/\/journalift.org\/sq\/wp-json\/wp\/v2\/users\/24"}],"replies":[{"embeddable":true,"href":"https:\/\/journalift.org\/sq\/wp-json\/wp\/v2\/comments?post=6304"}],"version-history":[{"count":5,"href":"https:\/\/journalift.org\/sq\/wp-json\/wp\/v2\/posts\/6304\/revisions"}],"predecessor-version":[{"id":6314,"href":"https:\/\/journalift.org\/sq\/wp-json\/wp\/v2\/posts\/6304\/revisions\/6314"}],"wp:featuredmedia":[{"embeddable":true,"href":"https:\/\/journalift.org\/sq\/wp-json\/wp\/v2\/media\/6275"}],"wp:attachment":[{"href":"https:\/\/journalift.org\/sq\/wp-json\/wp\/v2\/media?parent=6304"}],"wp:term":[{"taxonomy":"category","embeddable":true,"href":"https:\/\/journalift.org\/sq\/wp-json\/wp\/v2\/categories?post=6304"},{"taxonomy":"post_tag","embeddable":true,"href":"https:\/\/journalift.org\/sq\/wp-json\/wp\/v2\/tags?post=6304"}],"curies":[{"name":"wp","href":"https:\/\/api.w.org\/{rel}","templated":true}]}}